{"id":1009,"date":"2011-12-07T16:04:42","date_gmt":"2011-12-07T16:04:42","guid":{"rendered":"http:\/\/coro.paroquiabaixadabanheira.org\/?p=1009"},"modified":"2011-12-07T16:04:42","modified_gmt":"2011-12-07T16:04:42","slug":"domingo-iii-do-advento-3","status":"publish","type":"post","link":"https:\/\/coro.paroquiabaixadabanheira.org\/?p=1009","title":{"rendered":"Domingo III do Advento"},"content":{"rendered":"<h4>C\u00e2nticos para o Domingo III do Advento (<a href=\"http:\/\/www.portal.ecclesia.pt\/ecclesiaout\/liturgia\/liturgia_site\/lit_dia\/ano_b\/ld_anob_ver.asp?cod_ano_b=3\">Liturgia<\/a>)<\/h4>\n<p><\/p>\n<ul>\n<li>Entrada:\u00a0<a href=\"\/reportorio\/advento\/quando.o.profeta.chegar.pdf\">Quando o Profeta Chegar<\/a><\/li>\n<li>M. Penitencial:\u00a0<a href=\"\/reportorio\/penitencial\/misericordia.pdf\">Miseric\u00f3rdia<\/a><\/li>\n<li>Salmo 79(80)<\/li>\n<li>Aleluia:\u00a0<a href=\"\/reportorio\/aclama\/aleluia.junto.a.ti.pdf\">Aleluia, Junto a Ti<\/a><\/li>\n<li>Ofert\u00f3rio:\u00a0<a href=\"\/reportorio\/advento\/pao.e.vinho.apresentamos.pdf\">P\u00e3o e Vinho Apresentamos<\/a><\/li>\n<li>Santo:\u00a0<a href=\"\/reportorio\/santo\/santo.desc.pdf\">Santo (Desc.)<\/a><\/li>\n<li>Paz\/Cordeiro:\u00a0<a href=\"\/reportorio\/cordeiro\/cordeiro.aragues.pdf\">Cordeiro de Deus (T. Aragu\u00e9s)<\/a><\/li>\n<li>Comunh\u00e3o:\u00a0<a href=\"\/reportorio\/comunhao\/pao.divino.pdf\">P\u00e3o Divino<\/a><\/li>\n<li>A. Gra\u00e7as: <a href=\"\/reportorio\/gracas\/gloria.a.deus.pdf\">Gl\u00f3ria a Deus<\/a><\/li>\n<li>Final:\u00a0<a href=\"\/reportorio\/advento\/o.povo.jaz.pdf\">O Povo Jaz<\/a><\/li>\n<li>Para ensaiar: <a href=\"\/reportorio\/entrada\/caminhos.para.a.vida.pdf\">Caminhos para a Vida<\/a><\/li>\n<li>Para ensaiar: <a href=\"\/reportorio\/advento\/exulta.de.gozo.pdf\">Exulta de Gozo, Jerusal\u00e9m<\/a><\/li>\n<\/ul>\n","protected":false},"excerpt":{"rendered":"<p>C\u00e2nticos para o Domingo III do Advento (Liturgia) Entrada:\u00a0Quando o Profeta Chegar M. Penitencial:\u00a0Miseric\u00f3rdia Salmo 79(80) Aleluia:\u00a0Aleluia, Junto a Ti Ofert\u00f3rio:\u00a0P\u00e3o e Vinho Apresentamos Santo:\u00a0Santo (Desc.) Paz\/Cordeiro:\u00a0Cordeiro de Deus (T. Aragu\u00e9s) Comunh\u00e3o:\u00a0P\u00e3o Divino A. Gra\u00e7as: Gl\u00f3ria a Deus Final:\u00a0O Povo &hellip;<\/p>\n<p class=\"read-more\"> <a class=\"more-link\" href=\"https:\/\/coro.paroquiabaixadabanheira.org\/?p=1009\"> <span class=\"screen-reader-text\">Domingo III do Advento<\/span> Read More &raquo;<\/a><\/p>\n","protected":false},"author":1,"featured_media":0,"comment_status":"open","ping_status":"open","sticky":false,"template":"","format":"standard","meta":{"footnotes":""},"categories":[3],"tags":[],"class_list":["post-1009","post","type-post","status-publish","format-standard","hentry","category-ensaios"],"_links":{"self":[{"href":"https:\/\/coro.paroquiabaixadabanheira.org\/index.php?rest_route=\/wp\/v2\/posts\/1009","targetHints":{"allow":["GET"]}}],"collection":[{"href":"https:\/\/coro.paroquiabaixadabanheira.org\/index.php?rest_route=\/wp\/v2\/posts"}],"about":[{"href":"https:\/\/coro.paroquiabaixadabanheira.org\/index.php?rest_route=\/wp\/v2\/types\/post"}],"author":[{"embeddable":true,"href":"https:\/\/coro.paroquiabaixadabanheira.org\/index.php?rest_route=\/wp\/v2\/users\/1"}],"replies":[{"embeddable":true,"href":"https:\/\/coro.paroquiabaixadabanheira.org\/index.php?rest_route=%2Fwp%2Fv2%2Fcomments&post=1009"}],"version-history":[{"count":0,"href":"https:\/\/coro.paroquiabaixadabanheira.org\/index.php?rest_route=\/wp\/v2\/posts\/1009\/revisions"}],"wp:attachment":[{"href":"https:\/\/coro.paroquiabaixadabanheira.org\/index.php?rest_route=%2Fwp%2Fv2%2Fmedia&parent=1009"}],"wp:term":[{"taxonomy":"category","embeddable":true,"href":"https:\/\/coro.paroquiabaixadabanheira.org\/index.php?rest_route=%2Fwp%2Fv2%2Fcategories&post=1009"},{"taxonomy":"post_tag","embeddable":true,"href":"https:\/\/coro.paroquiabaixadabanheira.org\/index.php?rest_route=%2Fwp%2Fv2%2Ftags&post=1009"}],"curies":[{"name":"wp","href":"https:\/\/api.w.org\/{rel}","templated":true}]}}