{"id":1011,"date":"2011-12-17T16:04:40","date_gmt":"2011-12-17T16:04:40","guid":{"rendered":"http:\/\/coro.paroquiabaixadabanheira.org\/?p=1011"},"modified":"2011-12-17T16:04:40","modified_gmt":"2011-12-17T16:04:40","slug":"natal-2","status":"publish","type":"post","link":"https:\/\/coro.paroquiabaixadabanheira.org\/?p=1011","title":{"rendered":"Natal"},"content":{"rendered":"<h4>C\u00e2nticos para o Natal<\/h4>\n<ul>\n<li>Entrada: <a href=\"\/reportorio\/natal\/noite.feliz.pdf\">Noite Feliz<\/a><\/li>\n<li>Acto Penitencial: <a href=\"\/reportorio\/penitencial\/senhor.tende.piedade.3.pdf\">Senhor Tende Piedade (Mel. Alentejana)<\/a><\/li>\n<li>Gl\u00f3ria: <a href=\"\/reportorio\/gloria\/gloria.pdf\">Gl\u00f3ria (Ir. T. Kolling)<\/a><\/li>\n<li>Aclama\u00e7\u00e3o: <a href=\"\/reportorio\/natal\/aleluia.ja.nasceu.o.salvador.pdf\">Aleluia, J\u00e1 Nasceu o Salvador<\/a><\/li>\n<li>Encena\u00e7\u00e3o: <a href=\"\/reportorio\/natal\/sou.um.pobre.pastorinho.pdf\">Sou um Pobre Pastorinho<\/a><\/li>\n<li>Encena\u00e7\u00e3o: <a href=\"\/reportorio\/natal\/alegremse.os.ceus.pdf\">Alegrem-se os C\u00e9us e a Terra<\/a><\/li>\n<li>Ofert\u00f3rio: <a href=\"\/reportorio\/natal\/num.portal.pdf\">Num Portal<\/a><\/li>\n<li>Ofert\u00f3rio: <a href=\"\/reportorio\/natal\/correi.pressurosos.pdf\">Correi Pressurosos a Bel\u00e9m<\/a><\/li>\n<li>Santo: <a href=\"\/reportorio\/santo\/santo.santo.e.o.senhor.pdf\">Santo, Santo \u00e9 o Senhor<\/a><\/li>\n<li>Cordeiro: <a href=\"\/reportorio\/cordeiro\/cordeiro.olindo.marques.pdf\">Cordeiro (Olindo Marques)<\/a><\/li>\n<li>Comunh\u00e3o: <a href=\"\/reportorio\/natal\/hoje.na.terra.pdf\">Hoje na Terra<\/a><\/li>\n<li>Final: <a href=\"\/reportorio\/natal\/oh.que.noite.tao.serena.pdf\">Oh, Que Noite t\u00e3o Serena<\/a><\/li>\n<li>Final: <a href=\"\/reportorio\/natal\/gloria.in.excelsis.deo.pdf\">Gloria, In Excelsis Deo<\/a><\/li>\n<\/ul>\n","protected":false},"excerpt":{"rendered":"<p>C\u00e2nticos para o Natal Entrada: Noite Feliz Acto Penitencial: Senhor Tende Piedade (Mel. Alentejana) Gl\u00f3ria: Gl\u00f3ria (Ir. T. Kolling) Aclama\u00e7\u00e3o: Aleluia, J\u00e1 Nasceu o Salvador Encena\u00e7\u00e3o: Sou um Pobre Pastorinho Encena\u00e7\u00e3o: Alegrem-se os C\u00e9us e a Terra Ofert\u00f3rio: Num Portal &hellip;<\/p>\n<p class=\"read-more\"> <a class=\"more-link\" href=\"https:\/\/coro.paroquiabaixadabanheira.org\/?p=1011\"> <span class=\"screen-reader-text\">Natal<\/span> Read More &raquo;<\/a><\/p>\n","protected":false},"author":1,"featured_media":0,"comment_status":"open","ping_status":"open","sticky":false,"template":"","format":"standard","meta":{"footnotes":""},"categories":[3],"tags":[],"class_list":["post-1011","post","type-post","status-publish","format-standard","hentry","category-ensaios"],"_links":{"self":[{"href":"https:\/\/coro.paroquiabaixadabanheira.org\/index.php?rest_route=\/wp\/v2\/posts\/1011","targetHints":{"allow":["GET"]}}],"collection":[{"href":"https:\/\/coro.paroquiabaixadabanheira.org\/index.php?rest_route=\/wp\/v2\/posts"}],"about":[{"href":"https:\/\/coro.paroquiabaixadabanheira.org\/index.php?rest_route=\/wp\/v2\/types\/post"}],"author":[{"embeddable":true,"href":"https:\/\/coro.paroquiabaixadabanheira.org\/index.php?rest_route=\/wp\/v2\/users\/1"}],"replies":[{"embeddable":true,"href":"https:\/\/coro.paroquiabaixadabanheira.org\/index.php?rest_route=%2Fwp%2Fv2%2Fcomments&post=1011"}],"version-history":[{"count":0,"href":"https:\/\/coro.paroquiabaixadabanheira.org\/index.php?rest_route=\/wp\/v2\/posts\/1011\/revisions"}],"wp:attachment":[{"href":"https:\/\/coro.paroquiabaixadabanheira.org\/index.php?rest_route=%2Fwp%2Fv2%2Fmedia&parent=1011"}],"wp:term":[{"taxonomy":"category","embeddable":true,"href":"https:\/\/coro.paroquiabaixadabanheira.org\/index.php?rest_route=%2Fwp%2Fv2%2Fcategories&post=1011"},{"taxonomy":"post_tag","embeddable":true,"href":"https:\/\/coro.paroquiabaixadabanheira.org\/index.php?rest_route=%2Fwp%2Fv2%2Ftags&post=1011"}],"curies":[{"name":"wp","href":"https:\/\/api.w.org\/{rel}","templated":true}]}}