{"id":1012,"date":"2011-12-17T16:04:03","date_gmt":"2011-12-17T16:04:03","guid":{"rendered":"http:\/\/coro.paroquiabaixadabanheira.org\/?p=1012"},"modified":"2011-12-17T16:04:03","modified_gmt":"2011-12-17T16:04:03","slug":"presepio-do-grupo-coral","status":"publish","type":"post","link":"https:\/\/coro.paroquiabaixadabanheira.org\/?p=1012","title":{"rendered":"Pres\u00e9pio do Grupo Coral"},"content":{"rendered":"<p>Este ano na nossa par\u00f3quia cada grupo ficou de fazer um pres\u00e9pio para apresentar \u00e0 comunidade. O nosso grupo (liderado pela artista Andreia) apresenta este pres\u00e9pio tem\u00e1tico, que espelha n\u00e3o s\u00f3 o fundamento do Natal Crist\u00e3o como o carisma do nosso grupo.<\/p>\n<p style=\"text-align: center;\"><a href=\"http:\/\/coro.paroquiabaixadabanheira.org\/wp-content\/uploads\/2011\/12\/IMG_3078.jpg\"><img loading=\"lazy\" decoding=\"async\" class=\"size-medium wp-image-1013 aligncenter\" title=\"Pres\u00e9pio 1\" src=\"http:\/\/coro.paroquiabaixadabanheira.org\/wp-content\/uploads\/2011\/12\/IMG_3078-300x225.jpg\" alt=\"\" width=\"300\" height=\"225\" \/><\/a><\/p>\n<p style=\"text-align: center;\"><a href=\"http:\/\/coro.paroquiabaixadabanheira.org\/wp-content\/uploads\/2011\/12\/IMG_3078.jpg\"><!--more--><\/a><a href=\"http:\/\/coro.paroquiabaixadabanheira.org\/wp-content\/uploads\/2011\/12\/IMG_3081.jpg\"><img loading=\"lazy\" decoding=\"async\" class=\"size-medium wp-image-1014 aligncenter\" title=\"Pres\u00e9pio 2\" src=\"http:\/\/coro.paroquiabaixadabanheira.org\/wp-content\/uploads\/2011\/12\/IMG_3081-300x225.jpg\" alt=\"\" width=\"300\" height=\"225\" \/><\/a><\/p>\n<p style=\"text-align: center;\"><a href=\"http:\/\/coro.paroquiabaixadabanheira.org\/wp-content\/uploads\/2011\/12\/IMG_3082.jpg\"><img loading=\"lazy\" decoding=\"async\" class=\"size-medium wp-image-1015\" title=\"Pres\u00e9pio 3\" src=\"http:\/\/coro.paroquiabaixadabanheira.org\/wp-content\/uploads\/2011\/12\/IMG_3082-300x225.jpg\" alt=\"\" width=\"300\" height=\"225\" \/><\/a><\/p>\n<p>&nbsp;<\/p>\n","protected":false},"excerpt":{"rendered":"<p>Este ano na nossa par\u00f3quia cada grupo ficou de fazer um pres\u00e9pio para apresentar \u00e0 comunidade. O nosso grupo (liderado pela artista Andreia) apresenta este pres\u00e9pio tem\u00e1tico, que espelha n\u00e3o s\u00f3 o fundamento do Natal Crist\u00e3o como o carisma do &hellip;<\/p>\n<p class=\"read-more\"> <a class=\"more-link\" href=\"https:\/\/coro.paroquiabaixadabanheira.org\/?p=1012\"> <span class=\"screen-reader-text\">Pres\u00e9pio do Grupo Coral<\/span> Read More &raquo;<\/a><\/p>\n","protected":false},"author":1,"featured_media":0,"comment_status":"open","ping_status":"open","sticky":false,"template":"","format":"standard","meta":{"footnotes":""},"categories":[4],"tags":[],"class_list":["post-1012","post","type-post","status-publish","format-standard","hentry","category-noticias"],"_links":{"self":[{"href":"https:\/\/coro.paroquiabaixadabanheira.org\/index.php?rest_route=\/wp\/v2\/posts\/1012","targetHints":{"allow":["GET"]}}],"collection":[{"href":"https:\/\/coro.paroquiabaixadabanheira.org\/index.php?rest_route=\/wp\/v2\/posts"}],"about":[{"href":"https:\/\/coro.paroquiabaixadabanheira.org\/index.php?rest_route=\/wp\/v2\/types\/post"}],"author":[{"embeddable":true,"href":"https:\/\/coro.paroquiabaixadabanheira.org\/index.php?rest_route=\/wp\/v2\/users\/1"}],"replies":[{"embeddable":true,"href":"https:\/\/coro.paroquiabaixadabanheira.org\/index.php?rest_route=%2Fwp%2Fv2%2Fcomments&post=1012"}],"version-history":[{"count":0,"href":"https:\/\/coro.paroquiabaixadabanheira.org\/index.php?rest_route=\/wp\/v2\/posts\/1012\/revisions"}],"wp:attachment":[{"href":"https:\/\/coro.paroquiabaixadabanheira.org\/index.php?rest_route=%2Fwp%2Fv2%2Fmedia&parent=1012"}],"wp:term":[{"taxonomy":"category","embeddable":true,"href":"https:\/\/coro.paroquiabaixadabanheira.org\/index.php?rest_route=%2Fwp%2Fv2%2Fcategories&post=1012"},{"taxonomy":"post_tag","embeddable":true,"href":"https:\/\/coro.paroquiabaixadabanheira.org\/index.php?rest_route=%2Fwp%2Fv2%2Ftags&post=1012"}],"curies":[{"name":"wp","href":"https:\/\/api.w.org\/{rel}","templated":true}]}}