{"id":1035,"date":"2012-03-12T16:55:36","date_gmt":"2012-03-12T16:55:36","guid":{"rendered":"http:\/\/coro.paroquiabaixadabanheira.org\/?p=1035"},"modified":"2012-03-12T16:55:36","modified_gmt":"2012-03-12T16:55:36","slug":"domingo-iv-da-quaresma-3","status":"publish","type":"post","link":"https:\/\/coro.paroquiabaixadabanheira.org\/?p=1035","title":{"rendered":"Domingo IV da Quaresma"},"content":{"rendered":"<h4>C\u00e2nticos para o Domingo IV da Quaresma (<a href=\"http:\/\/www.portal.ecclesia.pt\/ecclesiaout\/liturgia\/liturgia_site\/lit_dia\/ano_b\/ld_anob_ver.asp?cod_ano_b=24\">Liturgia<\/a>)<\/h4>\n<ul>\n<li>Entrada: <a href=\"\/reportorio\/entrada\/o.povo.de.deus.pdf\">O Povo de Deus<\/a><\/li>\n<li><strong>Momento Penitencial:<\/strong> <a href=\"\/reportorio\/penitencial\/senhor.tende.piedade.3.pdf\">Senhor, Tende Piedade (M. Alentejana)<\/a><\/li>\n<li><strong>Salmo:<\/strong> Salmo 136(137)<\/li>\n<li><strong>Aclama\u00e7\u00e3o:<\/strong> <a href=\"\/reportorio\/aclama\/louvor.e.gloria.a.vos.b.pdf\">Louvor e Gl\u00f3ria a V\u00f3s<\/a><\/li>\n<li><strong>Ofert\u00f3rio:<\/strong> <a href=\"\/reportorio\/ofertorio\/pobres.e.fracos.que.somos.pdf\">Pobres e Fracos que Somos<\/a><\/li>\n<li><strong>Santo:<\/strong> <a href=\"\/reportorio\/santo\/santo.desc.pdf\">Santo<\/a><\/li>\n<li><strong>Cordeiro:<\/strong> <a href=\"\/reportorio\/cordeiro\/cordeiro.olindo.marques.pdf\">Cordeiro (o. Marques)<\/a><\/li>\n<li><strong>Comunh\u00e3o:<\/strong> <a href=\"\/reportorio\/comunhao\/pao.e.vinho.pdf\">P\u00e3o e Vinho<\/a><\/li>\n<li><strong>Final:<\/strong><a href=\"\/reportorio\/quaresma\/caminharei.na.presenca.do.senhor.sl116.pdf\">Caminharei na Presen\u00e7a do Senhor<\/a><\/li>\n<\/ul>\n<h4>Ensaiar<\/h4>\n<ul>\n<li><a href=\"\/reportorio\/diversos\/cuida.de.mim.senhor.pdf\">Cuida de Mim<\/a><\/li>\n<li><a href=\"\/reportorio\/comunhao\/santos.anjos.e.arcanjos.pdf\">Santos Anjos e Arcanjos<\/a><\/li>\n<\/ul>\n","protected":false},"excerpt":{"rendered":"<p>C\u00e2nticos para o Domingo IV da Quaresma (Liturgia) Entrada: O Povo de Deus Momento Penitencial: Senhor, Tende Piedade (M. Alentejana) Salmo: Salmo 136(137) Aclama\u00e7\u00e3o: Louvor e Gl\u00f3ria a V\u00f3s Ofert\u00f3rio: Pobres e Fracos que Somos Santo: Santo Cordeiro: Cordeiro (o. &hellip;<\/p>\n<p class=\"read-more\"> <a class=\"more-link\" href=\"https:\/\/coro.paroquiabaixadabanheira.org\/?p=1035\"> <span class=\"screen-reader-text\">Domingo IV da Quaresma<\/span> Read More &raquo;<\/a><\/p>\n","protected":false},"author":1,"featured_media":0,"comment_status":"open","ping_status":"open","sticky":false,"template":"","format":"standard","meta":{"footnotes":""},"categories":[3],"tags":[],"class_list":["post-1035","post","type-post","status-publish","format-standard","hentry","category-ensaios"],"_links":{"self":[{"href":"https:\/\/coro.paroquiabaixadabanheira.org\/index.php?rest_route=\/wp\/v2\/posts\/1035","targetHints":{"allow":["GET"]}}],"collection":[{"href":"https:\/\/coro.paroquiabaixadabanheira.org\/index.php?rest_route=\/wp\/v2\/posts"}],"about":[{"href":"https:\/\/coro.paroquiabaixadabanheira.org\/index.php?rest_route=\/wp\/v2\/types\/post"}],"author":[{"embeddable":true,"href":"https:\/\/coro.paroquiabaixadabanheira.org\/index.php?rest_route=\/wp\/v2\/users\/1"}],"replies":[{"embeddable":true,"href":"https:\/\/coro.paroquiabaixadabanheira.org\/index.php?rest_route=%2Fwp%2Fv2%2Fcomments&post=1035"}],"version-history":[{"count":0,"href":"https:\/\/coro.paroquiabaixadabanheira.org\/index.php?rest_route=\/wp\/v2\/posts\/1035\/revisions"}],"wp:attachment":[{"href":"https:\/\/coro.paroquiabaixadabanheira.org\/index.php?rest_route=%2Fwp%2Fv2%2Fmedia&parent=1035"}],"wp:term":[{"taxonomy":"category","embeddable":true,"href":"https:\/\/coro.paroquiabaixadabanheira.org\/index.php?rest_route=%2Fwp%2Fv2%2Fcategories&post=1035"},{"taxonomy":"post_tag","embeddable":true,"href":"https:\/\/coro.paroquiabaixadabanheira.org\/index.php?rest_route=%2Fwp%2Fv2%2Ftags&post=1035"}],"curies":[{"name":"wp","href":"https:\/\/api.w.org\/{rel}","templated":true}]}}