{"id":1036,"date":"2012-03-20T16:00:00","date_gmt":"2012-03-20T16:00:00","guid":{"rendered":"http:\/\/coro.paroquiabaixadabanheira.org\/?p=1036"},"modified":"2012-03-20T16:00:00","modified_gmt":"2012-03-20T16:00:00","slug":"domingo-v-da-quaresma-3","status":"publish","type":"post","link":"https:\/\/coro.paroquiabaixadabanheira.org\/?p=1036","title":{"rendered":"Domingo V da Quaresma"},"content":{"rendered":"<h4>C\u00e2nticos para o Domingo V da Quaresma (<a href=\"http:\/\/www.portal.ecclesia.pt\/ecclesiaout\/liturgia\/liturgia_site\/lit_dia\/ano_b\/ld_anob_ver.asp?cod_ano_b=25\">Liturgia<\/a>)<\/h4>\n<ul>\n<li>Entrada: <a href=\"\/reportorio\/quaresma\/caminha.povo.de.deus.pdf\">Caminha Povo de Deus<\/a><\/li>\n<li><strong>Momento Penitencial:<\/strong> <a href=\"\/reportorio\/penitencial\/misericordia.pdf\">Miseric\u00f3rdia<\/a><\/li>\n<li><strong>Salmo:<\/strong> Salmo 50(51)<\/li>\n<li><strong>Aclama\u00e7\u00e3o:<\/strong> <a href=\"\/reportorio\/aclama\/louvor.e.gloria.a.vos.b.pdf\">Louvor e Gl\u00f3ria a V\u00f3s<\/a><\/li>\n<li><strong>Ofert\u00f3rio:<\/strong> <a href=\"\/reportorio\/ofertorio\/oracao.santo.inacio.pdf\">Ora\u00e7\u00e3o de Santo In\u00e1cio<\/a><\/li>\n<li><strong>Santo:<\/strong> <a href=\"\/reportorio\/santo\/santo.f.silva.pdf\">Santo (F. Silva)<\/a><\/li>\n<li><strong>Cordeiro:<\/strong> <a href=\"\/reportorio\/cordeiro\/cordeiro.aragues.pdf\">Cordeiro (T. Aragu\u00e9s)<\/a><\/li>\n<li><strong>Comunh\u00e3o:<\/strong> <a href=\"\/reportorio\/comunhao\/comei.do.pao.pdf\">Comei do P\u00e3o<\/a><\/li>\n<li><strong>A. Gra\u00e7as:<\/strong> <a href=\"\/reportorio\/diversos\/cuida.de.mim.senhor.pdf\">Cuida de Mim<\/a><\/li>\n<li><strong>Final:<\/strong><a href=\"\/reportorio\/quaresma\/no.senhor.pus.a.minha.esperanca.pdf\">No Senhor Pus a Minha Esperan\u00e7a<\/a><\/li>\n<\/ul>\n","protected":false},"excerpt":{"rendered":"<p>C\u00e2nticos para o Domingo V da Quaresma (Liturgia) Entrada: Caminha Povo de Deus Momento Penitencial: Miseric\u00f3rdia Salmo: Salmo 50(51) Aclama\u00e7\u00e3o: Louvor e Gl\u00f3ria a V\u00f3s Ofert\u00f3rio: Ora\u00e7\u00e3o de Santo In\u00e1cio Santo: Santo (F. Silva) Cordeiro: Cordeiro (T. Aragu\u00e9s) Comunh\u00e3o: Comei &hellip;<\/p>\n<p class=\"read-more\"> <a class=\"more-link\" href=\"https:\/\/coro.paroquiabaixadabanheira.org\/?p=1036\"> <span class=\"screen-reader-text\">Domingo V da Quaresma<\/span> Read More &raquo;<\/a><\/p>\n","protected":false},"author":1,"featured_media":0,"comment_status":"open","ping_status":"open","sticky":false,"template":"","format":"standard","meta":{"footnotes":""},"categories":[3],"tags":[],"class_list":["post-1036","post","type-post","status-publish","format-standard","hentry","category-ensaios"],"_links":{"self":[{"href":"https:\/\/coro.paroquiabaixadabanheira.org\/index.php?rest_route=\/wp\/v2\/posts\/1036","targetHints":{"allow":["GET"]}}],"collection":[{"href":"https:\/\/coro.paroquiabaixadabanheira.org\/index.php?rest_route=\/wp\/v2\/posts"}],"about":[{"href":"https:\/\/coro.paroquiabaixadabanheira.org\/index.php?rest_route=\/wp\/v2\/types\/post"}],"author":[{"embeddable":true,"href":"https:\/\/coro.paroquiabaixadabanheira.org\/index.php?rest_route=\/wp\/v2\/users\/1"}],"replies":[{"embeddable":true,"href":"https:\/\/coro.paroquiabaixadabanheira.org\/index.php?rest_route=%2Fwp%2Fv2%2Fcomments&post=1036"}],"version-history":[{"count":0,"href":"https:\/\/coro.paroquiabaixadabanheira.org\/index.php?rest_route=\/wp\/v2\/posts\/1036\/revisions"}],"wp:attachment":[{"href":"https:\/\/coro.paroquiabaixadabanheira.org\/index.php?rest_route=%2Fwp%2Fv2%2Fmedia&parent=1036"}],"wp:term":[{"taxonomy":"category","embeddable":true,"href":"https:\/\/coro.paroquiabaixadabanheira.org\/index.php?rest_route=%2Fwp%2Fv2%2Fcategories&post=1036"},{"taxonomy":"post_tag","embeddable":true,"href":"https:\/\/coro.paroquiabaixadabanheira.org\/index.php?rest_route=%2Fwp%2Fv2%2Ftags&post=1036"}],"curies":[{"name":"wp","href":"https:\/\/api.w.org\/{rel}","templated":true}]}}