{"id":1038,"date":"2012-03-21T22:58:28","date_gmt":"2012-03-21T22:58:28","guid":{"rendered":"http:\/\/coro.paroquiabaixadabanheira.org\/?p=1038"},"modified":"2012-03-21T22:58:28","modified_gmt":"2012-03-21T22:58:28","slug":"ensaios-para-a-semana-santa","status":"publish","type":"post","link":"https:\/\/coro.paroquiabaixadabanheira.org\/?p=1038","title":{"rendered":"Ensaios para a Semana Santa"},"content":{"rendered":"<p>Datas dos ensaios para a Semana Santa:<\/p>\n<ul>\n<li>25 de Mar\u00e7o\u00a0(21h)<\/li>\n<li>26 de Mar\u00e7o\u00a0(21h)<\/li>\n<li>28 de Mar\u00e7o\u00a0(21h)<\/li>\n<li>30 de Mar\u00e7o\u00a0(21h)<\/li>\n<li>1 a 4 de Abril (21h)<\/li>\n<\/ul>\n<p>Como habitualmente todos est\u00e3o convidados a integrar o coro para as celebra\u00e7\u00f5es da Semana Santa e da P\u00e1scoa. Eventualmente existir\u00e1 mais um ensaio na sexta ou no s\u00e1bado, que ser\u00e1 anunciado oportunamente.<\/p>\n","protected":false},"excerpt":{"rendered":"<p>Datas dos ensaios para a Semana Santa: 25 de Mar\u00e7o\u00a0(21h) 26 de Mar\u00e7o\u00a0(21h) 28 de Mar\u00e7o\u00a0(21h) 30 de Mar\u00e7o\u00a0(21h) 1 a 4 de Abril (21h) Como habitualmente todos est\u00e3o convidados a integrar o coro para as celebra\u00e7\u00f5es da Semana Santa &hellip;<\/p>\n<p class=\"read-more\"> <a class=\"more-link\" href=\"https:\/\/coro.paroquiabaixadabanheira.org\/?p=1038\"> <span class=\"screen-reader-text\">Ensaios para a Semana Santa<\/span> Read More &raquo;<\/a><\/p>\n","protected":false},"author":1,"featured_media":0,"comment_status":"open","ping_status":"open","sticky":false,"template":"","format":"standard","meta":{"footnotes":""},"categories":[3],"tags":[],"class_list":["post-1038","post","type-post","status-publish","format-standard","hentry","category-ensaios"],"_links":{"self":[{"href":"https:\/\/coro.paroquiabaixadabanheira.org\/index.php?rest_route=\/wp\/v2\/posts\/1038","targetHints":{"allow":["GET"]}}],"collection":[{"href":"https:\/\/coro.paroquiabaixadabanheira.org\/index.php?rest_route=\/wp\/v2\/posts"}],"about":[{"href":"https:\/\/coro.paroquiabaixadabanheira.org\/index.php?rest_route=\/wp\/v2\/types\/post"}],"author":[{"embeddable":true,"href":"https:\/\/coro.paroquiabaixadabanheira.org\/index.php?rest_route=\/wp\/v2\/users\/1"}],"replies":[{"embeddable":true,"href":"https:\/\/coro.paroquiabaixadabanheira.org\/index.php?rest_route=%2Fwp%2Fv2%2Fcomments&post=1038"}],"version-history":[{"count":0,"href":"https:\/\/coro.paroquiabaixadabanheira.org\/index.php?rest_route=\/wp\/v2\/posts\/1038\/revisions"}],"wp:attachment":[{"href":"https:\/\/coro.paroquiabaixadabanheira.org\/index.php?rest_route=%2Fwp%2Fv2%2Fmedia&parent=1038"}],"wp:term":[{"taxonomy":"category","embeddable":true,"href":"https:\/\/coro.paroquiabaixadabanheira.org\/index.php?rest_route=%2Fwp%2Fv2%2Fcategories&post=1038"},{"taxonomy":"post_tag","embeddable":true,"href":"https:\/\/coro.paroquiabaixadabanheira.org\/index.php?rest_route=%2Fwp%2Fv2%2Ftags&post=1038"}],"curies":[{"name":"wp","href":"https:\/\/api.w.org\/{rel}","templated":true}]}}