{"id":1039,"date":"2012-03-22T15:19:45","date_gmt":"2012-03-22T15:19:45","guid":{"rendered":"http:\/\/coro.paroquiabaixadabanheira.org\/?p=1039"},"modified":"2012-03-22T15:19:45","modified_gmt":"2012-03-22T15:19:45","slug":"canticos-para-a-semana-santa-5","status":"publish","type":"post","link":"https:\/\/coro.paroquiabaixadabanheira.org\/?p=1039","title":{"rendered":"C\u00e2nticos para a Semana Santa"},"content":{"rendered":"<h4>C\u00e2nticos para o Domingo De Ramos na Paix\u00e3o do Senhor (<a href=\"http:\/\/www.portal.ecclesia.pt\/ecclesiaout\/liturgia\/liturgia_site\/lit_dia\/ano_b\/ld_anob_ver.asp?cod_ano_b=26\">Liturgia<\/a>)<\/h4>\n<ul>\n<li>Entrada:\u00a0<a href=\"\/reportorio\/diversos\/hossana.pdf\">Hossana nas Alturas<\/a><\/li>\n<li>M. Penitencial:\u00a0<a href=\"\/reportorio\/penitencial\/senhor.tende.piedade.3.pdf\">Senhor, Tende Piedade de N\u00f3s (M. Alentejana)<\/a><\/li>\n<li>Salmo:\u00a0<a href=\"\/reportorio\/salmos\/quaresma.ramos.salmo.021.022.pdf\">Salmo 21(22)<\/a><\/li>\n<li><strong>Aclama\u00e7\u00e3o da Palavra:\u00a0<\/strong>:\u00a0<a href=\"\/reportorio\/aclama\/louvor.e.gloria.a.vos.pdf\">Louvor e Gl\u00f3ria a V\u00f3s<\/a><\/li>\n<li>Ofert\u00f3rio:\u00a0<a href=\"\/reportorio\/ofertorio\/oracao.santo.inacio.pdf\">Ora\u00e7\u00e3o de Santo In\u00e1cio<\/a><\/li>\n<li>Santo:<a href=\"\/reportorio\/santo\/santo.desc.pdf\">Santo (Desc)<\/a><\/li>\n<li>Cordeiro:\u00a0<a href=\"http:\/\/coro.paroquiabaixadabanheira.org\/reportorio\/cordeiro\/cordeiro.olindo.marques.pdf\">Cordeiro (Olindo Marques)<\/a><\/li>\n<li>Comunh\u00e3o:\u00a0<a href=\"http:\/\/coro.paroquiabaixadabanheira.org\/reportorio\/comunhao\/pao.e.vinho.pdf\">P\u00e3o e Vinho<\/a><\/li>\n<li>Final:\u00a0<a href=\"http:\/\/coro.paroquiabaixadabanheira.org\/reportorio\/diversos\/o.senhor.e.meu.pastor.pdf\">O Senhor \u00e9 Meu Pastor<\/a><\/li>\n<\/ul>\n<h4>C\u00e2nticos para Quinta-feira Santa<\/h4>\n<ul>\n<li>Entrada:\u00a0<a href=\"\/reportorio\/gracas\/a.tua.palavra.pdf\">\u00c0 Tua Palavra<\/a><\/li>\n<li>Momento Penitencial:\u00a0<a href=\"\/reportorio\/penitencial\/kyrie.19.pdf\">Kyrie 19<\/a><\/li>\n<li>Gl\u00f3ria:\u00a0<a href=\"\/reportorio\/gloria\/gloria.a.deus.pdf\">Gl\u00f3ria a Deus<\/a><\/li>\n<li>Salmo:\u00a0<a href=\"\/reportorio\/salmos\/quaresma.quinta.salmo.115.116.pdf\">Salmo 115,116<\/a><\/li>\n<li><strong>Aclama\u00e7\u00e3o da Palavra:\u00a0<\/strong>:\u00a0<a href=\"\/reportorio\/aclama\/louvor.e.gloria.a.vos.pdf\">Louvor e Gl\u00f3ria a V\u00f3s<\/a><\/li>\n<li>Lava-P\u00e9s:\u00a0<a href=\"\/reportorio\/quaresma\/douvos.um.mandamento.novo.pdf\">Dou-vos um Mandamento Novo<\/a><\/li>\n<li>Lava-P\u00e9s:\u00a0Um Cora\u00e7\u00e3o para Amar<\/li>\n<li>Ofert\u00f3rio:\u00a0<a href=\"\/reportorio\/ofertorio\/ubi.caritas.pdf\">Ubi Caritas<\/a><\/li>\n<li>Santo:\u00a0<a href=\"\/reportorio\/santo\/santo.f.silva.pdf\">Santo<\/a><\/li>\n<li>Paz\/Cordeiro:\u00a0<a href=\"http:\/\/coro.paroquiabaixadabanheira.org\/reportorio\/cordeiro\/cordeiro.cartageno.pdf\">Cordeiro (A. Cartageno)<\/a><\/li>\n<li>Comunh\u00e3o:\u00a0<a href=\"http:\/\/cancioneiro.paroquia-sppv.pt\/04\/04.15_Eu_desejei_ardentemente.pdf\">Eu Desejei Ardentemente<\/a><\/li>\n<li>Prociss\u00e3o do Sant\u00edssimo:\u00a0<a href=\"\/reportorio\/quaresma\/pange.lingua.pdf\">Pange Lingua<\/a><\/li>\n<\/ul>\n<h4>C\u00e2nticos para Sexta-feira Santa<\/h4>\n<ul>\n<li>Entrada: (Em sil\u00eancio)<\/li>\n<li>Salmo:\u00a0<a href=\"\/reportorio\/salmos\/quaresma.sexta.salmo.030.031.pdf\">Salmo 30,31<\/a><\/li>\n<li><strong>Aclama\u00e7\u00e3o da Palavra<\/strong>:\u00a0<a href=\"\/reportorio\/aclama\/louvor.e.gloria.a.vos.pdf\">Louvor e Gl\u00f3ria a V\u00f3s<\/a><\/li>\n<li>Adora\u00e7\u00e3o da Cruz:\u00a0<a href=\"\/reportorio\/quaresma\/eis.o.madeiro.da.cruz.pdf\">Eis o Madeiro da Cruz<\/a><\/li>\n<li>Adora\u00e7\u00e3o da Cruz:\u00a0<a href=\"\/reportorio\/diversos\/eu.nao.sou.nada.pdf\">Eu Sou Teu<\/a><\/li>\n<li>Adora\u00e7\u00e3o da Cruz:\u00a0<a href=\"\/reportorio\/quaresma\/povo.meu.que.te.fiz.eu.pdf\">Povo Meu, Que Te Fiz Eu<\/a><\/li>\n<li>Adora\u00e7\u00e3o da Cruz:\u00a0<a href=\"\/reportorio\/quaresma\/por.nosso.amor.pdf\">Por Nosso Amor<\/a><\/li>\n<li>Comunh\u00e3o:\u00a0<a href=\"http:\/\/coro.paroquiabaixadabanheira.org\/reportorio\/comunhao\/santos.anjos.e.arcanjos.pdf\">Santos, Anjos e Arcanjos<\/a><\/li>\n<\/ul>\n","protected":false},"excerpt":{"rendered":"<p>C\u00e2nticos para o Domingo De Ramos na Paix\u00e3o do Senhor (Liturgia) Entrada:\u00a0Hossana nas Alturas M. Penitencial:\u00a0Senhor, Tende Piedade de N\u00f3s (M. Alentejana) Salmo:\u00a0Salmo 21(22) Aclama\u00e7\u00e3o da Palavra:\u00a0:\u00a0Louvor e Gl\u00f3ria a V\u00f3s Ofert\u00f3rio:\u00a0Ora\u00e7\u00e3o de Santo In\u00e1cio Santo:Santo (Desc) Cordeiro:\u00a0Cordeiro (Olindo Marques) &hellip;<\/p>\n<p class=\"read-more\"> <a class=\"more-link\" href=\"https:\/\/coro.paroquiabaixadabanheira.org\/?p=1039\"> <span class=\"screen-reader-text\">C\u00e2nticos para a Semana Santa<\/span> Read More &raquo;<\/a><\/p>\n","protected":false},"author":1,"featured_media":0,"comment_status":"open","ping_status":"open","sticky":false,"template":"","format":"standard","meta":{"footnotes":""},"categories":[3],"tags":[],"class_list":["post-1039","post","type-post","status-publish","format-standard","hentry","category-ensaios"],"_links":{"self":[{"href":"https:\/\/coro.paroquiabaixadabanheira.org\/index.php?rest_route=\/wp\/v2\/posts\/1039","targetHints":{"allow":["GET"]}}],"collection":[{"href":"https:\/\/coro.paroquiabaixadabanheira.org\/index.php?rest_route=\/wp\/v2\/posts"}],"about":[{"href":"https:\/\/coro.paroquiabaixadabanheira.org\/index.php?rest_route=\/wp\/v2\/types\/post"}],"author":[{"embeddable":true,"href":"https:\/\/coro.paroquiabaixadabanheira.org\/index.php?rest_route=\/wp\/v2\/users\/1"}],"replies":[{"embeddable":true,"href":"https:\/\/coro.paroquiabaixadabanheira.org\/index.php?rest_route=%2Fwp%2Fv2%2Fcomments&post=1039"}],"version-history":[{"count":0,"href":"https:\/\/coro.paroquiabaixadabanheira.org\/index.php?rest_route=\/wp\/v2\/posts\/1039\/revisions"}],"wp:attachment":[{"href":"https:\/\/coro.paroquiabaixadabanheira.org\/index.php?rest_route=%2Fwp%2Fv2%2Fmedia&parent=1039"}],"wp:term":[{"taxonomy":"category","embeddable":true,"href":"https:\/\/coro.paroquiabaixadabanheira.org\/index.php?rest_route=%2Fwp%2Fv2%2Fcategories&post=1039"},{"taxonomy":"post_tag","embeddable":true,"href":"https:\/\/coro.paroquiabaixadabanheira.org\/index.php?rest_route=%2Fwp%2Fv2%2Ftags&post=1039"}],"curies":[{"name":"wp","href":"https:\/\/api.w.org\/{rel}","templated":true}]}}