{"id":1051,"date":"2012-05-02T10:15:38","date_gmt":"2012-05-02T10:15:38","guid":{"rendered":"http:\/\/coro.paroquiabaixadabanheira.org\/?p=1051"},"modified":"2012-05-02T10:15:38","modified_gmt":"2012-05-02T10:15:38","slug":"mes-de-maio","status":"publish","type":"post","link":"https:\/\/coro.paroquiabaixadabanheira.org\/?p=1051","title":{"rendered":"M\u00eas de Maio"},"content":{"rendered":"<p>Durante o m\u00eas de Maio vamos ter v\u00e1rias celebra\u00e7\u00f5es especiais.<\/p>\n<p>No dia 13 temos a celebra\u00e7\u00e3o dos Baptismos da Catequese e algumas m\u00fasicas novas para ensaiar:<\/p>\n<ul>\n<li><a href=\"\/reportorio\/aclama\/desde.o.pronto.amanhecer.pdf\">Desde o Pronto Amanhecer<\/a><\/li>\n<li><a href=\"\/reportorio\/baptismo\/baptizame.senhor.pdf\">Baptiza-me Senhor<\/a><\/li>\n<li><a href=\"\/reportorio\/pentecostes\/espirito.de.amor.pdf\">Esp\u00edrito de Amor<\/a><\/li>\n<li><a href=\"\/reportorio\/comunhao\/verbo.de.deus.pdf\">O Verbo de Deus<\/a><\/li>\n<\/ul>\n<p>No dia 20 temos a Missa Solene do Anivers\u00e1rio da Sociedade Recreativa da Baixa da Serra e teremos ensaios especiais nos dias:<\/p>\n<ul>\n<li>8 de Maio (21h)<\/li>\n<li>15 de Maio (21h)<\/li>\n<li>16 de Maio (21h)<\/li>\n<\/ul>\n<p>No dia 27 teremos promessas do Agrupamento.<\/p>\n","protected":false},"excerpt":{"rendered":"<p>Durante o m\u00eas de Maio vamos ter v\u00e1rias celebra\u00e7\u00f5es especiais. No dia 13 temos a celebra\u00e7\u00e3o dos Baptismos da Catequese e algumas m\u00fasicas novas para ensaiar: Desde o Pronto Amanhecer Baptiza-me Senhor Esp\u00edrito de Amor O Verbo de Deus No &hellip;<\/p>\n<p class=\"read-more\"> <a class=\"more-link\" href=\"https:\/\/coro.paroquiabaixadabanheira.org\/?p=1051\"> <span class=\"screen-reader-text\">M\u00eas de Maio<\/span> Read More &raquo;<\/a><\/p>\n","protected":false},"author":1,"featured_media":0,"comment_status":"open","ping_status":"open","sticky":false,"template":"","format":"standard","meta":{"footnotes":""},"categories":[3,4],"tags":[],"class_list":["post-1051","post","type-post","status-publish","format-standard","hentry","category-ensaios","category-noticias"],"_links":{"self":[{"href":"https:\/\/coro.paroquiabaixadabanheira.org\/index.php?rest_route=\/wp\/v2\/posts\/1051","targetHints":{"allow":["GET"]}}],"collection":[{"href":"https:\/\/coro.paroquiabaixadabanheira.org\/index.php?rest_route=\/wp\/v2\/posts"}],"about":[{"href":"https:\/\/coro.paroquiabaixadabanheira.org\/index.php?rest_route=\/wp\/v2\/types\/post"}],"author":[{"embeddable":true,"href":"https:\/\/coro.paroquiabaixadabanheira.org\/index.php?rest_route=\/wp\/v2\/users\/1"}],"replies":[{"embeddable":true,"href":"https:\/\/coro.paroquiabaixadabanheira.org\/index.php?rest_route=%2Fwp%2Fv2%2Fcomments&post=1051"}],"version-history":[{"count":0,"href":"https:\/\/coro.paroquiabaixadabanheira.org\/index.php?rest_route=\/wp\/v2\/posts\/1051\/revisions"}],"wp:attachment":[{"href":"https:\/\/coro.paroquiabaixadabanheira.org\/index.php?rest_route=%2Fwp%2Fv2%2Fmedia&parent=1051"}],"wp:term":[{"taxonomy":"category","embeddable":true,"href":"https:\/\/coro.paroquiabaixadabanheira.org\/index.php?rest_route=%2Fwp%2Fv2%2Fcategories&post=1051"},{"taxonomy":"post_tag","embeddable":true,"href":"https:\/\/coro.paroquiabaixadabanheira.org\/index.php?rest_route=%2Fwp%2Fv2%2Ftags&post=1051"}],"curies":[{"name":"wp","href":"https:\/\/api.w.org\/{rel}","templated":true}]}}