{"id":1053,"date":"2012-05-07T11:35:03","date_gmt":"2012-05-07T11:35:03","guid":{"rendered":"http:\/\/coro.paroquiabaixadabanheira.org\/?p=1053"},"modified":"2012-05-07T11:35:03","modified_gmt":"2012-05-07T11:35:03","slug":"domingo-vii-pascoa-aniversario-srbs","status":"publish","type":"post","link":"https:\/\/coro.paroquiabaixadabanheira.org\/?p=1053","title":{"rendered":"Domingo VII P\u00e1scoa (Anivers\u00e1rio SRBS)"},"content":{"rendered":"<h4>C\u00e2nticos para o Domingo VII da P\u00e1scoa (<a href=\"http:\/\/www.portal.ecclesia.pt\/ecclesiaout\/liturgia\/liturgia_site\/lit_dia\/ano_b\/ld_anob_ver.asp?cod_ano_b=36\">Liturgia<\/a>)<\/h4>\n<h4>Solenidade da Ascen\u00e7\u00e3o do Senhor<\/h4>\n<h4>Missa solene do anivers\u00e1rio da Sociedade Recreativa da Baixa da Serra<\/h4>\n<ul>\n<li>Entrada: <a href=\"\/reportorio\/pascoa\/cantai.aleluias.pdf\">Cantai Aleluias<\/a><\/li>\n<li>M. Penitencial: <a href=\"\/reportorio\/penitencial\/senhor.tem.piedade.de.nos.pdf\">Senhor Tem Piedade de N\u00f3s<\/a><\/li>\n<li>Gl\u00f3ria:\u00a0<a href=\"\/reportorio\/gloria\/gloria.a.deus.pdf\">Gl\u00f3ria<\/a><\/li>\n<li>Salmo 46(47)<\/li>\n<li>Aleluia:\u00a0Aleluia de Israel<\/li>\n<li>Ofert\u00f3rio: <a href=\"\/reportorio\/advento\/pao.e.vinho.apresentamos.pdf\">P\u00e3o e Vinho Apresentamos<\/a><\/li>\n<li>Santo:\u00a0<a href=\"\/reportorio\/santo\/hossana.eh.pdf\">Hossana, Eh!<\/a><\/li>\n<li>Paz\/Cordeiro: <a href=\"\/reportorio\/cordeiro\/proclama.o.teu.senhor.pdf\">Proclama o Teu Senhor<\/a><\/li>\n<li>Comunh\u00e3o: <a href=\"\/reportorio\/comunhao\/e.o.meu.corpo.pdf\">\u00c9 o Meu Corpo<\/a><\/li>\n<li>A. Gra\u00e7as: <a href=\"\/reportorio\/gracas\/a.tua.palavra.pdf\">\u00c0 Tua Palavra<\/a><\/li>\n<li>Final:\u00a0<a href=\"\/reportorio\/final\/sois.a.semente.pdf\">Sois a Semente<\/a><\/li>\n<li>Final:\u00a0<a href=\"\/reportorio\/diversos\/estrela.polar.pdf\">Estrela Polar<\/a><\/li>\n<li>Final:\u00a0<a href=\"\/reportorio\/final\/quero.ouvir.teu.apelo.senhor.pdf\">Quero ouvir teu Apelo Senhor<\/a><\/li>\n<\/ul>\n<p>Ensaios nos dias:<\/p>\n<ul>\n<li>8 de Maio (21h)<\/li>\n<li>15 de Maio (21h)<\/li>\n<li>16 de Maio (21h)<\/li>\n<\/ul>\n","protected":false},"excerpt":{"rendered":"<p>C\u00e2nticos para o Domingo VII da P\u00e1scoa (Liturgia) Solenidade da Ascen\u00e7\u00e3o do Senhor Missa solene do anivers\u00e1rio da Sociedade Recreativa da Baixa da Serra Entrada: Cantai Aleluias M. Penitencial: Senhor Tem Piedade de N\u00f3s Gl\u00f3ria:\u00a0Gl\u00f3ria Salmo 46(47) Aleluia:\u00a0Aleluia de Israel &hellip;<\/p>\n<p class=\"read-more\"> <a class=\"more-link\" href=\"https:\/\/coro.paroquiabaixadabanheira.org\/?p=1053\"> <span class=\"screen-reader-text\">Domingo VII P\u00e1scoa (Anivers\u00e1rio SRBS)<\/span> Read More &raquo;<\/a><\/p>\n","protected":false},"author":1,"featured_media":0,"comment_status":"open","ping_status":"open","sticky":false,"template":"","format":"standard","meta":{"footnotes":""},"categories":[3],"tags":[],"class_list":["post-1053","post","type-post","status-publish","format-standard","hentry","category-ensaios"],"_links":{"self":[{"href":"https:\/\/coro.paroquiabaixadabanheira.org\/index.php?rest_route=\/wp\/v2\/posts\/1053","targetHints":{"allow":["GET"]}}],"collection":[{"href":"https:\/\/coro.paroquiabaixadabanheira.org\/index.php?rest_route=\/wp\/v2\/posts"}],"about":[{"href":"https:\/\/coro.paroquiabaixadabanheira.org\/index.php?rest_route=\/wp\/v2\/types\/post"}],"author":[{"embeddable":true,"href":"https:\/\/coro.paroquiabaixadabanheira.org\/index.php?rest_route=\/wp\/v2\/users\/1"}],"replies":[{"embeddable":true,"href":"https:\/\/coro.paroquiabaixadabanheira.org\/index.php?rest_route=%2Fwp%2Fv2%2Fcomments&post=1053"}],"version-history":[{"count":0,"href":"https:\/\/coro.paroquiabaixadabanheira.org\/index.php?rest_route=\/wp\/v2\/posts\/1053\/revisions"}],"wp:attachment":[{"href":"https:\/\/coro.paroquiabaixadabanheira.org\/index.php?rest_route=%2Fwp%2Fv2%2Fmedia&parent=1053"}],"wp:term":[{"taxonomy":"category","embeddable":true,"href":"https:\/\/coro.paroquiabaixadabanheira.org\/index.php?rest_route=%2Fwp%2Fv2%2Fcategories&post=1053"},{"taxonomy":"post_tag","embeddable":true,"href":"https:\/\/coro.paroquiabaixadabanheira.org\/index.php?rest_route=%2Fwp%2Fv2%2Ftags&post=1053"}],"curies":[{"name":"wp","href":"https:\/\/api.w.org\/{rel}","templated":true}]}}