{"id":1064,"date":"2012-06-25T10:54:42","date_gmt":"2012-06-25T10:54:42","guid":{"rendered":"http:\/\/coro.paroquiabaixadabanheira.org\/?p=1064"},"modified":"2012-06-25T10:54:42","modified_gmt":"2012-06-25T10:54:42","slug":"domingo-xiii-do-tempo-comum-2","status":"publish","type":"post","link":"https:\/\/coro.paroquiabaixadabanheira.org\/?p=1064","title":{"rendered":"Domingo XIII do Tempo Comum"},"content":{"rendered":"<h4>C\u00e2nticos para o Domingo XIII do Tempo Comum (Ano B) (<a href=\"http:\/\/www.portal.ecclesia.pt\/ecclesiaout\/liturgia\/liturgia_site\/lit_dia\/ano_b\/ld_anob_ver.asp?cod_ano_b=44\">Liturgia<\/a>)<\/h4>\n<ul>\n<li>Entrada: <a href=\"\/reportorio\/entrada\/jesus.esta.entre.nos.pdf\">Jesus Est\u00e1 entre N\u00f3s<\/a><\/li>\n<li>M. Penitencial: <a href=\"\/reportorio\/penitencial\/senhor.tende.piedade.3.pdf\">Senhor Tende Piedade de N\u00f3s (Mel. Alentejana)<\/a><\/li>\n<li>Salmo 138<\/li>\n<li>Aleluia:\u00a0<a href=\"\/reportorio\/aclama\/aleluia.jesus.e.senhor.pdf\">Aleluia, Jesus \u00e9 Senhor<\/a><\/li>\n<li>Ofert\u00f3rio: <a href=\"\/reportorio\/ofertorio\/saber.que.viras.pdf\">Saber que Vir\u00e1s<\/a><\/li>\n<li>Santo:\u00a0<a href=\"\/reportorio\/santo\/santo.desc.pdf\">Santo (Desc.)<\/a><\/li>\n<li>Paz\/Cordeiro: <a href=\"\/reportorio\/cordeiro\/cordeiro.aragues.pdf\">Cordeiro (T. Aragu\u00e9s)<\/a><\/li>\n<li>Comunh\u00e3o: <a href=\"\/reportorio\/comunhao\/comei.do.pao.pdf\">Comei do P\u00e3o<\/a><\/li>\n<li>A. Gra\u00e7as:\u00a0<a href=\"\/reportorio\/gracas\/deus.de.amor.pdf\">Deus de Amor<\/a><\/li>\n<li>Final:\u00a0<a href=\"\/reportorio\/diversos\/o.senhor.e.meu.pastor.pdf\">O Senhor \u00e9 meu Pastor<\/a><\/li>\n<\/ul>\n<p>Para ensaiar:<\/p>\n<p><a href=\"\/reportorio\/comunhao\/verbo.de.deus.pdf\">O Verbo de Deus<\/a><\/p>\n","protected":false},"excerpt":{"rendered":"<p>C\u00e2nticos para o Domingo XIII do Tempo Comum (Ano B) (Liturgia) Entrada: Jesus Est\u00e1 entre N\u00f3s M. Penitencial: Senhor Tende Piedade de N\u00f3s (Mel. Alentejana) Salmo 138 Aleluia:\u00a0Aleluia, Jesus \u00e9 Senhor Ofert\u00f3rio: Saber que Vir\u00e1s Santo:\u00a0Santo (Desc.) Paz\/Cordeiro: Cordeiro (T. &hellip;<\/p>\n<p class=\"read-more\"> <a class=\"more-link\" href=\"https:\/\/coro.paroquiabaixadabanheira.org\/?p=1064\"> <span class=\"screen-reader-text\">Domingo XIII do Tempo Comum<\/span> Read More &raquo;<\/a><\/p>\n","protected":false},"author":1,"featured_media":0,"comment_status":"open","ping_status":"open","sticky":false,"template":"","format":"standard","meta":{"footnotes":""},"categories":[3],"tags":[],"class_list":["post-1064","post","type-post","status-publish","format-standard","hentry","category-ensaios"],"_links":{"self":[{"href":"https:\/\/coro.paroquiabaixadabanheira.org\/index.php?rest_route=\/wp\/v2\/posts\/1064","targetHints":{"allow":["GET"]}}],"collection":[{"href":"https:\/\/coro.paroquiabaixadabanheira.org\/index.php?rest_route=\/wp\/v2\/posts"}],"about":[{"href":"https:\/\/coro.paroquiabaixadabanheira.org\/index.php?rest_route=\/wp\/v2\/types\/post"}],"author":[{"embeddable":true,"href":"https:\/\/coro.paroquiabaixadabanheira.org\/index.php?rest_route=\/wp\/v2\/users\/1"}],"replies":[{"embeddable":true,"href":"https:\/\/coro.paroquiabaixadabanheira.org\/index.php?rest_route=%2Fwp%2Fv2%2Fcomments&post=1064"}],"version-history":[{"count":0,"href":"https:\/\/coro.paroquiabaixadabanheira.org\/index.php?rest_route=\/wp\/v2\/posts\/1064\/revisions"}],"wp:attachment":[{"href":"https:\/\/coro.paroquiabaixadabanheira.org\/index.php?rest_route=%2Fwp%2Fv2%2Fmedia&parent=1064"}],"wp:term":[{"taxonomy":"category","embeddable":true,"href":"https:\/\/coro.paroquiabaixadabanheira.org\/index.php?rest_route=%2Fwp%2Fv2%2Fcategories&post=1064"},{"taxonomy":"post_tag","embeddable":true,"href":"https:\/\/coro.paroquiabaixadabanheira.org\/index.php?rest_route=%2Fwp%2Fv2%2Ftags&post=1064"}],"curies":[{"name":"wp","href":"https:\/\/api.w.org\/{rel}","templated":true}]}}