{"id":1066,"date":"2012-07-03T08:47:58","date_gmt":"2012-07-03T08:47:58","guid":{"rendered":"http:\/\/coro.paroquiabaixadabanheira.org\/?p=1066"},"modified":"2012-07-03T08:47:58","modified_gmt":"2012-07-03T08:47:58","slug":"domingo-xiv-do-tempo-comum-4","status":"publish","type":"post","link":"https:\/\/coro.paroquiabaixadabanheira.org\/?p=1066","title":{"rendered":"Domingo XIV do Tempo Comum"},"content":{"rendered":"<h4>C\u00e2nticos para o Domingo XIV do Tempo Comum (Ano B) (<a href=\"http:\/\/www.portal.ecclesia.pt\/ecclesiaout\/liturgia\/liturgia_site\/lit_dia\/ano_b\/ld_anob_ver.asp?cod_ano_b=45\">Liturgia<\/a>)<\/h4>\n<h5>Festas de S. Jos\u00e9 Oper\u00e1rio na Baixa da Banheira<\/h5>\n<ul>\n<li>Entrada:\u00a0<a href=\"\/reportorio\/entrada\/senhor.jesus.nos.vamos.a.ti.pdf\">Senhor Jesus, N\u00f3s Vamos a Ti<\/a><\/li>\n<li>M. Penitencial:\u00a0<a href=\"http:\/\/coro.paroquiabaixadabanheira.org\/reportorio\/penitencial\/senhor.tem.piedade.de.nos.pdf\">Senhor Tem Piedade de N\u00f3s<\/a><\/li>\n<li>Gl\u00f3ria:\u00a0<a href=\"\/reportorio\/gloria\/gloria.a.deus.pdf\">Gl\u00f3ria<\/a><\/li>\n<li>Salmo:\u00a0122(123)<\/li>\n<li>Aleluia:\u00a0<a href=\"\/reportorio\/aclama\/aleluia.aleluia.aleluia.pdf\">Aleluia, Aleluia, Aleluia<\/a><\/li>\n<li>Ofert\u00f3rio:\u00a0<a href=\"http:\/\/coro.paroquiabaixadabanheira.org\/reportorio\/ofertorio\/oracao.santo.inacio.pdf\">Ora\u00e7\u00e3o de Santo In\u00e1cio<\/a><\/li>\n<li>Santo:\u00a0<a href=\"http:\/\/coro.paroquiabaixadabanheira.org\/reportorio\/santo\/santo.desc.pdf\">Santo<\/a><\/li>\n<li>Paz\/Cordeiro:\u00a0<a href=\"\/reportorio\/cordeiro\/cordeiro.olindo.marques.pdf\">Cordeiro (O. Marques)<\/a><\/li>\n<li>Comunh\u00e3o:\u00a0<a href=\"\/reportorio\/comunhao\/pao.e.vinho.pdf\">P\u00e3o e Vinho<\/a><\/li>\n<li>Ac\u00e7\u00e3o de Gra\u00e7as: <a href=\"\/reportorio\/gracas\/deus.de.amor.pdf\">Deus de Amor<\/a><\/li>\n<li>Final:\u00a0<a href=\"\/reportorio\/diversos\/hino.sao.jose.pdf\">Hino de  S. Jos\u00e9<\/a><\/li>\n<\/ul>\n","protected":false},"excerpt":{"rendered":"<p>C\u00e2nticos para o Domingo XIV do Tempo Comum (Ano B) (Liturgia) Festas de S. Jos\u00e9 Oper\u00e1rio na Baixa da Banheira Entrada:\u00a0Senhor Jesus, N\u00f3s Vamos a Ti M. Penitencial:\u00a0Senhor Tem Piedade de N\u00f3s Gl\u00f3ria:\u00a0Gl\u00f3ria Salmo:\u00a0122(123) Aleluia:\u00a0Aleluia, Aleluia, Aleluia Ofert\u00f3rio:\u00a0Ora\u00e7\u00e3o de Santo &hellip;<\/p>\n<p class=\"read-more\"> <a class=\"more-link\" href=\"https:\/\/coro.paroquiabaixadabanheira.org\/?p=1066\"> <span class=\"screen-reader-text\">Domingo XIV do Tempo Comum<\/span> Read More &raquo;<\/a><\/p>\n","protected":false},"author":1,"featured_media":0,"comment_status":"open","ping_status":"open","sticky":false,"template":"","format":"standard","meta":{"footnotes":""},"categories":[3],"tags":[],"class_list":["post-1066","post","type-post","status-publish","format-standard","hentry","category-ensaios"],"_links":{"self":[{"href":"https:\/\/coro.paroquiabaixadabanheira.org\/index.php?rest_route=\/wp\/v2\/posts\/1066","targetHints":{"allow":["GET"]}}],"collection":[{"href":"https:\/\/coro.paroquiabaixadabanheira.org\/index.php?rest_route=\/wp\/v2\/posts"}],"about":[{"href":"https:\/\/coro.paroquiabaixadabanheira.org\/index.php?rest_route=\/wp\/v2\/types\/post"}],"author":[{"embeddable":true,"href":"https:\/\/coro.paroquiabaixadabanheira.org\/index.php?rest_route=\/wp\/v2\/users\/1"}],"replies":[{"embeddable":true,"href":"https:\/\/coro.paroquiabaixadabanheira.org\/index.php?rest_route=%2Fwp%2Fv2%2Fcomments&post=1066"}],"version-history":[{"count":0,"href":"https:\/\/coro.paroquiabaixadabanheira.org\/index.php?rest_route=\/wp\/v2\/posts\/1066\/revisions"}],"wp:attachment":[{"href":"https:\/\/coro.paroquiabaixadabanheira.org\/index.php?rest_route=%2Fwp%2Fv2%2Fmedia&parent=1066"}],"wp:term":[{"taxonomy":"category","embeddable":true,"href":"https:\/\/coro.paroquiabaixadabanheira.org\/index.php?rest_route=%2Fwp%2Fv2%2Fcategories&post=1066"},{"taxonomy":"post_tag","embeddable":true,"href":"https:\/\/coro.paroquiabaixadabanheira.org\/index.php?rest_route=%2Fwp%2Fv2%2Ftags&post=1066"}],"curies":[{"name":"wp","href":"https:\/\/api.w.org\/{rel}","templated":true}]}}