{"id":1067,"date":"2012-07-10T07:36:20","date_gmt":"2012-07-10T07:36:20","guid":{"rendered":"http:\/\/coro.paroquiabaixadabanheira.org\/?p=1067"},"modified":"2012-07-10T07:36:20","modified_gmt":"2012-07-10T07:36:20","slug":"domingo-xv-do-tempo-comum-3","status":"publish","type":"post","link":"https:\/\/coro.paroquiabaixadabanheira.org\/?p=1067","title":{"rendered":"Domingo XV do Tempo Comum"},"content":{"rendered":"<h4>C\u00e2nticos para o Domingo XV do Tempo Comum (Ano B) (<a href=\"http:\/\/www.portal.ecclesia.pt\/ecclesiaout\/liturgia\/liturgia_site\/lit_dia\/ano_b\/ld_anob_ver.asp?cod_ano_b=46\">Liturgia<\/a>)<\/h4>\n<ul>\n<li>Entrada: <a href=\"\/reportorio\/entrada\/vamos.caminhando.pdf\">Vamos Caminhando<\/a><\/li>\n<li>M. Penitencial: <a href=\"\/reportorio\/penitencial\/senhor.tende.piedade.3.pdf\">Senhor Tende Piedade de N\u00f3s (Mel. Alentejana)<\/a><\/li>\n<li>Salmo 138<\/li>\n<li>Aleluia:\u00a0<a href=\"\/reportorio\/aclama\/aleluia.jesus.e.senhor.pdf\">Aleluia, Jesus \u00e9 Senhor<\/a><\/li>\n<li>Ofert\u00f3rio: <a href=\"\/reportorio\/ofertorio\/saber.que.viras.pdf\">Saber que Vir\u00e1s<\/a><\/li>\n<li>Santo:\u00a0<a href=\"\/reportorio\/santo\/santo.desc.pdf\">Santo (Desc.)<\/a><\/li>\n<li>Paz\/Cordeiro: <a href=\"\/reportorio\/cordeiro\/cordeiro.aragues.pdf\">Cordeiro (T. Aragu\u00e9s)<\/a><\/li>\n<li>Comunh\u00e3o: <a href=\"\/reportorio\/comunhao\/pao.divino.pdf\">P\u00e3o Divino<\/a><\/li>\n<li>Final:\u00a0<a href=\"\/reportorio\/diversos\/estrela.polar.pdf\">Estrela Polar<\/a><\/li>\n<\/ul>\n<p>Para ensaiar:<\/p>\n<p><a href=\"\/reportorio\/comunhao\/verbo.de.deus.pdf\">O Verbo de Deus<\/a><\/p>\n","protected":false},"excerpt":{"rendered":"<p>C\u00e2nticos para o Domingo XV do Tempo Comum (Ano B) (Liturgia) Entrada: Vamos Caminhando M. Penitencial: Senhor Tende Piedade de N\u00f3s (Mel. Alentejana) Salmo 138 Aleluia:\u00a0Aleluia, Jesus \u00e9 Senhor Ofert\u00f3rio: Saber que Vir\u00e1s Santo:\u00a0Santo (Desc.) Paz\/Cordeiro: Cordeiro (T. Aragu\u00e9s) Comunh\u00e3o: &hellip;<\/p>\n<p class=\"read-more\"> <a class=\"more-link\" href=\"https:\/\/coro.paroquiabaixadabanheira.org\/?p=1067\"> <span class=\"screen-reader-text\">Domingo XV do Tempo Comum<\/span> Read More &raquo;<\/a><\/p>\n","protected":false},"author":1,"featured_media":0,"comment_status":"open","ping_status":"open","sticky":false,"template":"","format":"standard","meta":{"footnotes":""},"categories":[3],"tags":[],"class_list":["post-1067","post","type-post","status-publish","format-standard","hentry","category-ensaios"],"_links":{"self":[{"href":"https:\/\/coro.paroquiabaixadabanheira.org\/index.php?rest_route=\/wp\/v2\/posts\/1067","targetHints":{"allow":["GET"]}}],"collection":[{"href":"https:\/\/coro.paroquiabaixadabanheira.org\/index.php?rest_route=\/wp\/v2\/posts"}],"about":[{"href":"https:\/\/coro.paroquiabaixadabanheira.org\/index.php?rest_route=\/wp\/v2\/types\/post"}],"author":[{"embeddable":true,"href":"https:\/\/coro.paroquiabaixadabanheira.org\/index.php?rest_route=\/wp\/v2\/users\/1"}],"replies":[{"embeddable":true,"href":"https:\/\/coro.paroquiabaixadabanheira.org\/index.php?rest_route=%2Fwp%2Fv2%2Fcomments&post=1067"}],"version-history":[{"count":0,"href":"https:\/\/coro.paroquiabaixadabanheira.org\/index.php?rest_route=\/wp\/v2\/posts\/1067\/revisions"}],"wp:attachment":[{"href":"https:\/\/coro.paroquiabaixadabanheira.org\/index.php?rest_route=%2Fwp%2Fv2%2Fmedia&parent=1067"}],"wp:term":[{"taxonomy":"category","embeddable":true,"href":"https:\/\/coro.paroquiabaixadabanheira.org\/index.php?rest_route=%2Fwp%2Fv2%2Fcategories&post=1067"},{"taxonomy":"post_tag","embeddable":true,"href":"https:\/\/coro.paroquiabaixadabanheira.org\/index.php?rest_route=%2Fwp%2Fv2%2Ftags&post=1067"}],"curies":[{"name":"wp","href":"https:\/\/api.w.org\/{rel}","templated":true}]}}