{"id":1072,"date":"2012-08-29T08:35:44","date_gmt":"2012-08-29T08:35:44","guid":{"rendered":"http:\/\/coro.paroquiabaixadabanheira.org\/?p=1072"},"modified":"2012-08-29T08:35:44","modified_gmt":"2012-08-29T08:35:44","slug":"domingo-xxii-do-tempo-comum","status":"publish","type":"post","link":"https:\/\/coro.paroquiabaixadabanheira.org\/?p=1072","title":{"rendered":"Domingo XXII do Tempo Comum"},"content":{"rendered":"<h4>C\u00e2nticos para o Domingo XXII do Tempo Comum (Ano B) (<a href=\"http:\/\/www.portal.ecclesia.pt\/ecclesiaout\/liturgia\/liturgia_site\/lit_dia\/ano_b\/ld_anob_ver.asp?cod_ano_b=53\">Liturgia<\/a>)<\/h4>\n<ul>\n<li>Entrada: <a href=\"\/reportorio\/entrada\/vamos.caminhando.pdf\">Vamos Caminhando<\/a><\/li>\n<li>M. Penitencial: <a href=\"\/reportorio\/penitencial\/senhor.tem.piedade.de.nos.pdf\">Senhor Tem Piedade de N\u00f3s<\/a><\/li>\n<li>Salmo 14 (15)<\/li>\n<li>Aleluia:\u00a0<a href=\"\/reportorio\/aclama\/aleluia.aleluia.aleluia.pdf\">Aleluia, Aleluia, Aleluia<\/a><\/li>\n<li>Ofert\u00f3rio: <a href=\"\/reportorio\/ofertorio\/oracao.santo.inacio.pdf\">Ora\u00e7\u00e3o de Santo In\u00e1cio<\/a><\/li>\n<li>Santo:\u00a0<a href=\"\/reportorio\/santo\/santo.desc.pdf\">Santo (Desc.)<\/a><\/li>\n<li>Paz\/Cordeiro: <a href=\"\/reportorio\/cordeiro\/cordeiro.olindo.marques.pdf\">Cordeiro (O. Marques)<\/a><\/li>\n<li>Comunh\u00e3o: <a href=\"\/reportorio\/comunhao\/pao.divino.pdf\">P\u00e3o Divino<\/a><\/li>\n<li>Final:\u00a0<a href=\"\/reportorio\/final\/eu.sinto.senhor.pdf\">Eu Sinto Senhor<\/a><\/li>\n<\/ul>\n<p>Para ensaiar:<\/p>\n<p><a href=\"\/reportorio\/comunhao\/verbo.de.deus.pdf\">O Verbo de Deus<\/a><\/p>\n","protected":false},"excerpt":{"rendered":"<p>C\u00e2nticos para o Domingo XXII do Tempo Comum (Ano B) (Liturgia) Entrada: Vamos Caminhando M. Penitencial: Senhor Tem Piedade de N\u00f3s Salmo 14 (15) Aleluia:\u00a0Aleluia, Aleluia, Aleluia Ofert\u00f3rio: Ora\u00e7\u00e3o de Santo In\u00e1cio Santo:\u00a0Santo (Desc.) Paz\/Cordeiro: Cordeiro (O. Marques) Comunh\u00e3o: P\u00e3o &hellip;<\/p>\n<p class=\"read-more\"> <a class=\"more-link\" href=\"https:\/\/coro.paroquiabaixadabanheira.org\/?p=1072\"> <span class=\"screen-reader-text\">Domingo XXII do Tempo Comum<\/span> Read More &raquo;<\/a><\/p>\n","protected":false},"author":1,"featured_media":0,"comment_status":"open","ping_status":"open","sticky":false,"template":"","format":"standard","meta":{"footnotes":""},"categories":[3],"tags":[],"class_list":["post-1072","post","type-post","status-publish","format-standard","hentry","category-ensaios"],"_links":{"self":[{"href":"https:\/\/coro.paroquiabaixadabanheira.org\/index.php?rest_route=\/wp\/v2\/posts\/1072","targetHints":{"allow":["GET"]}}],"collection":[{"href":"https:\/\/coro.paroquiabaixadabanheira.org\/index.php?rest_route=\/wp\/v2\/posts"}],"about":[{"href":"https:\/\/coro.paroquiabaixadabanheira.org\/index.php?rest_route=\/wp\/v2\/types\/post"}],"author":[{"embeddable":true,"href":"https:\/\/coro.paroquiabaixadabanheira.org\/index.php?rest_route=\/wp\/v2\/users\/1"}],"replies":[{"embeddable":true,"href":"https:\/\/coro.paroquiabaixadabanheira.org\/index.php?rest_route=%2Fwp%2Fv2%2Fcomments&post=1072"}],"version-history":[{"count":0,"href":"https:\/\/coro.paroquiabaixadabanheira.org\/index.php?rest_route=\/wp\/v2\/posts\/1072\/revisions"}],"wp:attachment":[{"href":"https:\/\/coro.paroquiabaixadabanheira.org\/index.php?rest_route=%2Fwp%2Fv2%2Fmedia&parent=1072"}],"wp:term":[{"taxonomy":"category","embeddable":true,"href":"https:\/\/coro.paroquiabaixadabanheira.org\/index.php?rest_route=%2Fwp%2Fv2%2Fcategories&post=1072"},{"taxonomy":"post_tag","embeddable":true,"href":"https:\/\/coro.paroquiabaixadabanheira.org\/index.php?rest_route=%2Fwp%2Fv2%2Ftags&post=1072"}],"curies":[{"name":"wp","href":"https:\/\/api.w.org\/{rel}","templated":true}]}}