{"id":1099,"date":"2012-12-13T09:43:27","date_gmt":"2012-12-13T09:43:27","guid":{"rendered":"http:\/\/coro.paroquiabaixadabanheira.org\/?p=1099"},"modified":"2012-12-13T09:43:27","modified_gmt":"2012-12-13T09:43:27","slug":"ensaios-para-o-natal","status":"publish","type":"post","link":"https:\/\/coro.paroquiabaixadabanheira.org\/?p=1099","title":{"rendered":"Ensaios para o Natal"},"content":{"rendered":"<p>Este ano os ensaios para a missa do Galo e missa do dia de Natal v\u00e3o ter \u00ednicio no dia 17 de Dezembro e \u00a0ter\u00e3o lugar diariamente at\u00e9 dia 23.<\/p>\n<p>Os ensaios ser\u00e3o na Igreja como habitualmente entre as 21h e as 22h.<\/p>\n<p>Oportunamente colocaremos aqui os c\u00e2nticos para ensaiar. Caso tenham sugest\u00f5es podem enviar!<\/p>\n","protected":false},"excerpt":{"rendered":"<p>Este ano os ensaios para a missa do Galo e missa do dia de Natal v\u00e3o ter \u00ednicio no dia 17 de Dezembro e \u00a0ter\u00e3o lugar diariamente at\u00e9 dia 23. Os ensaios ser\u00e3o na Igreja como habitualmente entre as 21h &hellip;<\/p>\n<p class=\"read-more\"> <a class=\"more-link\" href=\"https:\/\/coro.paroquiabaixadabanheira.org\/?p=1099\"> <span class=\"screen-reader-text\">Ensaios para o Natal<\/span> Read More &raquo;<\/a><\/p>\n","protected":false},"author":1,"featured_media":0,"comment_status":"open","ping_status":"open","sticky":false,"template":"","format":"standard","meta":{"footnotes":""},"categories":[4],"tags":[],"class_list":["post-1099","post","type-post","status-publish","format-standard","hentry","category-noticias"],"_links":{"self":[{"href":"https:\/\/coro.paroquiabaixadabanheira.org\/index.php?rest_route=\/wp\/v2\/posts\/1099","targetHints":{"allow":["GET"]}}],"collection":[{"href":"https:\/\/coro.paroquiabaixadabanheira.org\/index.php?rest_route=\/wp\/v2\/posts"}],"about":[{"href":"https:\/\/coro.paroquiabaixadabanheira.org\/index.php?rest_route=\/wp\/v2\/types\/post"}],"author":[{"embeddable":true,"href":"https:\/\/coro.paroquiabaixadabanheira.org\/index.php?rest_route=\/wp\/v2\/users\/1"}],"replies":[{"embeddable":true,"href":"https:\/\/coro.paroquiabaixadabanheira.org\/index.php?rest_route=%2Fwp%2Fv2%2Fcomments&post=1099"}],"version-history":[{"count":0,"href":"https:\/\/coro.paroquiabaixadabanheira.org\/index.php?rest_route=\/wp\/v2\/posts\/1099\/revisions"}],"wp:attachment":[{"href":"https:\/\/coro.paroquiabaixadabanheira.org\/index.php?rest_route=%2Fwp%2Fv2%2Fmedia&parent=1099"}],"wp:term":[{"taxonomy":"category","embeddable":true,"href":"https:\/\/coro.paroquiabaixadabanheira.org\/index.php?rest_route=%2Fwp%2Fv2%2Fcategories&post=1099"},{"taxonomy":"post_tag","embeddable":true,"href":"https:\/\/coro.paroquiabaixadabanheira.org\/index.php?rest_route=%2Fwp%2Fv2%2Ftags&post=1099"}],"curies":[{"name":"wp","href":"https:\/\/api.w.org\/{rel}","templated":true}]}}