{"id":1105,"date":"2012-12-26T15:40:46","date_gmt":"2012-12-26T15:40:46","guid":{"rendered":"http:\/\/coro.paroquiabaixadabanheira.org\/?p=1105"},"modified":"2012-12-26T15:40:46","modified_gmt":"2012-12-26T15:40:46","slug":"festa-da-sagrada-familia-3","status":"publish","type":"post","link":"https:\/\/coro.paroquiabaixadabanheira.org\/?p=1105","title":{"rendered":"Festa da Sagrada Fam\u00edlia"},"content":{"rendered":"<h4>C\u00e2nticos para a Festa da Sagrada Fam\u00edlia (<a href=\"http:\/\/www.portal.ecclesia.pt\/ecclesiaout\/liturgia\/liturgia_site\/lit_dia\/ano_c\/ld_anoc_ver.asp?cod_ano_c=8\">Liturgia<\/a>)<\/h4>\n<p><\/p>\n<ul>\n<li>Entrada: <a href=\"\/reportorio\/natal\/sou.um.pobre.pastorinho.pdf\">Sou um Pobre Pastorinho<\/a><\/li>\n<li>Acto Penitencial: <a href=\"\/reportorio\/penitencial\/perdoa.senhor.pdf\">Perdoa Senhor<\/a><\/li>\n<li>Aclama\u00e7\u00e3o: <a href=\"\/reportorio\/aclama\/aleluia.aleluia.aleluia.pdf\">Aleluia, Aleluia, Aleluia<\/a><\/li>\n<li>Credo: <a href=\"\/reportorio\/credo\/creio.em.deus.cartageno.pdf\">Creio em Deus (S\u00edmbolo dos Ap\u00f3stolos)<\/a><\/li>\n<li>Ofert\u00f3rio: <a href=\"\/reportorio\/natal\/correi.pressurosos.pdf\">Correi Pressurosos a Bel\u00e9m<\/a><\/li>\n<li>Santo: <a href=\"\/reportorio\/santo\/santo.desc.pdf\">Santo<\/a><\/li>\n<li>Pai Nosso: <a href=\"\/reportorio\/painosso\/pai.nosso.2.vozes.pdf\">Pai Nosso<\/a><\/li>\n<li>Paz\/Cordeiro: <a href=\"\/reportorio\/cordeiro\/cordeiro.cartageno.pdf\">Cordeiro (A. Cartageno)<\/a><\/li>\n<li>Comunh\u00e3o: <a href=\"\/reportorio\/comunhao\/verbo.de.deus.pdf\">O Verbo de Deus<\/a><\/li>\n<li>A. Gra\u00e7as: <a href=\"\/reportorio\/gracas\/gloria.a.deus.pdf\">Gl\u00f3ria a Deus<\/a><\/li>\n<li>Final: <a href=\"\/reportorio\/natal\/gloria.in.excelsis.deo.pdf\">Gloria, In Excelsis Deo<\/a><\/li>\n<\/ul>\n","protected":false},"excerpt":{"rendered":"<p>C\u00e2nticos para a Festa da Sagrada Fam\u00edlia (Liturgia) Entrada: Sou um Pobre Pastorinho Acto Penitencial: Perdoa Senhor Aclama\u00e7\u00e3o: Aleluia, Aleluia, Aleluia Credo: Creio em Deus (S\u00edmbolo dos Ap\u00f3stolos) Ofert\u00f3rio: Correi Pressurosos a Bel\u00e9m Santo: Santo Pai Nosso: Pai Nosso Paz\/Cordeiro: &hellip;<\/p>\n<p class=\"read-more\"> <a class=\"more-link\" href=\"https:\/\/coro.paroquiabaixadabanheira.org\/?p=1105\"> <span class=\"screen-reader-text\">Festa da Sagrada Fam\u00edlia<\/span> Read More &raquo;<\/a><\/p>\n","protected":false},"author":1,"featured_media":0,"comment_status":"open","ping_status":"open","sticky":false,"template":"","format":"standard","meta":{"footnotes":""},"categories":[3],"tags":[],"class_list":["post-1105","post","type-post","status-publish","format-standard","hentry","category-ensaios"],"_links":{"self":[{"href":"https:\/\/coro.paroquiabaixadabanheira.org\/index.php?rest_route=\/wp\/v2\/posts\/1105","targetHints":{"allow":["GET"]}}],"collection":[{"href":"https:\/\/coro.paroquiabaixadabanheira.org\/index.php?rest_route=\/wp\/v2\/posts"}],"about":[{"href":"https:\/\/coro.paroquiabaixadabanheira.org\/index.php?rest_route=\/wp\/v2\/types\/post"}],"author":[{"embeddable":true,"href":"https:\/\/coro.paroquiabaixadabanheira.org\/index.php?rest_route=\/wp\/v2\/users\/1"}],"replies":[{"embeddable":true,"href":"https:\/\/coro.paroquiabaixadabanheira.org\/index.php?rest_route=%2Fwp%2Fv2%2Fcomments&post=1105"}],"version-history":[{"count":0,"href":"https:\/\/coro.paroquiabaixadabanheira.org\/index.php?rest_route=\/wp\/v2\/posts\/1105\/revisions"}],"wp:attachment":[{"href":"https:\/\/coro.paroquiabaixadabanheira.org\/index.php?rest_route=%2Fwp%2Fv2%2Fmedia&parent=1105"}],"wp:term":[{"taxonomy":"category","embeddable":true,"href":"https:\/\/coro.paroquiabaixadabanheira.org\/index.php?rest_route=%2Fwp%2Fv2%2Fcategories&post=1105"},{"taxonomy":"post_tag","embeddable":true,"href":"https:\/\/coro.paroquiabaixadabanheira.org\/index.php?rest_route=%2Fwp%2Fv2%2Ftags&post=1105"}],"curies":[{"name":"wp","href":"https:\/\/api.w.org\/{rel}","templated":true}]}}