{"id":1114,"date":"2013-01-28T10:49:45","date_gmt":"2013-01-28T10:49:45","guid":{"rendered":"http:\/\/coro.paroquiabaixadabanheira.org\/?p=1114"},"modified":"2013-01-28T10:49:45","modified_gmt":"2013-01-28T10:49:45","slug":"domingo-iv-do-tempo-comum-4","status":"publish","type":"post","link":"https:\/\/coro.paroquiabaixadabanheira.org\/?p=1114","title":{"rendered":"Domingo IV do Tempo Comum"},"content":{"rendered":"<h4>C\u00e2nticos para o Domingo IV do Tempo Comum (<a href=\"http:\/\/www.portal.ecclesia.pt\/ecclesiaout\/liturgia\/liturgia_site\/lit_dia\/ano_c\/ld_anoc_ver.asp?cod_ano_c=13\">Liturgia<\/a>)<\/h4>\n<p><\/p>\n<ul>\n<li>Entrada: <a href=\"\/reportorio\/entrada\/igreja.reunida.pdf\">Igreja Reunida<\/a><\/li>\n<li>Acto Penitencial: <a href=\"\/reportorio\/penitencial\/senhor.tende.piedade.3.pdf\">Senhor Tende Piedade (M. Alentejana)<\/a><\/li>\n<li>Aclama\u00e7\u00e3o: <a href=\"\/reportorio\/aclama\/aleluia.aleluia.aleluia.pdf\">Aleluia, Aleluia, Aleluia<\/a><\/li>\n<li>Ofert\u00f3rio: <a href=\"\/reportorio\/ofertorio\/oracao.santo.inacio.pdf\">Ora\u00e7\u00e3o de Santo In\u00e1cio<\/a><\/li>\n<li>Santo: <a href=\"\/reportorio\/santo\/santo.desc.pdf\">Santo<\/a><\/li>\n<li>Paz\/Cordeiro: <a href=\"\/reportorio\/cordeiro\/cordeiro.aragues.pdf\">Cordeiro (T Aragu\u00e9s)<\/a><\/li>\n<li>Comunh\u00e3o: <a href=\"\/reportorio\/diversos\/se.eu.nao.tiver.amor.pdf\">Se Eu N\u00e3o Tiver Amor<\/a><\/li>\n<li>Final: <a href=\"\/reportorio\/final\/eu.sinto.senhor.pdf\">Eu Sinto Senhor<\/a><\/li>\n<\/ul>\n<h4>Ensaiar<\/h4>\n<ul>\n<li>Pai Nosso: <a href=\"\/reportorio\/painosso\/pai.nosso.2.vozes.pdf\">Pai Nosso<\/a><\/li>\n<\/ul>\n","protected":false},"excerpt":{"rendered":"<p>C\u00e2nticos para o Domingo IV do Tempo Comum (Liturgia) Entrada: Igreja Reunida Acto Penitencial: Senhor Tende Piedade (M. Alentejana) Aclama\u00e7\u00e3o: Aleluia, Aleluia, Aleluia Ofert\u00f3rio: Ora\u00e7\u00e3o de Santo In\u00e1cio Santo: Santo Paz\/Cordeiro: Cordeiro (T Aragu\u00e9s) Comunh\u00e3o: Se Eu N\u00e3o Tiver Amor &hellip;<\/p>\n<p class=\"read-more\"> <a class=\"more-link\" href=\"https:\/\/coro.paroquiabaixadabanheira.org\/?p=1114\"> <span class=\"screen-reader-text\">Domingo IV do Tempo Comum<\/span> Read More &raquo;<\/a><\/p>\n","protected":false},"author":1,"featured_media":0,"comment_status":"open","ping_status":"open","sticky":false,"template":"","format":"standard","meta":{"footnotes":""},"categories":[3],"tags":[],"class_list":["post-1114","post","type-post","status-publish","format-standard","hentry","category-ensaios"],"_links":{"self":[{"href":"https:\/\/coro.paroquiabaixadabanheira.org\/index.php?rest_route=\/wp\/v2\/posts\/1114","targetHints":{"allow":["GET"]}}],"collection":[{"href":"https:\/\/coro.paroquiabaixadabanheira.org\/index.php?rest_route=\/wp\/v2\/posts"}],"about":[{"href":"https:\/\/coro.paroquiabaixadabanheira.org\/index.php?rest_route=\/wp\/v2\/types\/post"}],"author":[{"embeddable":true,"href":"https:\/\/coro.paroquiabaixadabanheira.org\/index.php?rest_route=\/wp\/v2\/users\/1"}],"replies":[{"embeddable":true,"href":"https:\/\/coro.paroquiabaixadabanheira.org\/index.php?rest_route=%2Fwp%2Fv2%2Fcomments&post=1114"}],"version-history":[{"count":0,"href":"https:\/\/coro.paroquiabaixadabanheira.org\/index.php?rest_route=\/wp\/v2\/posts\/1114\/revisions"}],"wp:attachment":[{"href":"https:\/\/coro.paroquiabaixadabanheira.org\/index.php?rest_route=%2Fwp%2Fv2%2Fmedia&parent=1114"}],"wp:term":[{"taxonomy":"category","embeddable":true,"href":"https:\/\/coro.paroquiabaixadabanheira.org\/index.php?rest_route=%2Fwp%2Fv2%2Fcategories&post=1114"},{"taxonomy":"post_tag","embeddable":true,"href":"https:\/\/coro.paroquiabaixadabanheira.org\/index.php?rest_route=%2Fwp%2Fv2%2Ftags&post=1114"}],"curies":[{"name":"wp","href":"https:\/\/api.w.org\/{rel}","templated":true}]}}