{"id":1116,"date":"2013-02-06T10:29:41","date_gmt":"2013-02-06T10:29:41","guid":{"rendered":"http:\/\/coro.paroquiabaixadabanheira.org\/?p=1116"},"modified":"2013-02-06T10:29:41","modified_gmt":"2013-02-06T10:29:41","slug":"domingo-v-do-tempo-comum-3","status":"publish","type":"post","link":"https:\/\/coro.paroquiabaixadabanheira.org\/?p=1116","title":{"rendered":"Domingo V do Tempo Comum"},"content":{"rendered":"<h4>C\u00e2nticos para o Domingo V do Tempo Comum (<a href=\"http:\/\/www.portal.ecclesia.pt\/ecclesiaout\/liturgia\/liturgia_site\/lit_dia\/ano_c\/ld_anoc_ver.asp?cod_ano_c=14\">Liturgia<\/a>)<\/h4>\n<p><\/p>\n<ul>\n<li>Entrada: <a href=\"\/reportorio\/entrada\/igreja.peregrina.pdf\">Igreja Peregrina<\/a><\/li>\n<li>Acto Penitencial: <a href=\"\/reportorio\/penitencial\/senhor.tende.piedade.3.pdf\">Senhor Tende Piedade (M. Alentejana)<\/a><\/li>\n<li>Aclama\u00e7\u00e3o: <a href=\"\/reportorio\/aclama\/aleluia.aleluia.aleluia.pdf\">Aleluia, Aleluia, Aleluia<\/a><\/li>\n<li>Ofert\u00f3rio: <a href=\"\/reportorio\/ofertorio\/saber.que.viras.pdf\">Saber Que Vir\u00e1s<\/a><\/li>\n<li>Santo: <a href=\"\/reportorio\/santo\/santo.desc.pdf\">Santo<\/a><\/li>\n<li>Paz\/Cordeiro: <a href=\"\/reportorio\/cordeiro\/cordeiro.aragues.pdf\">Cordeiro (T Aragu\u00e9s)<\/a><\/li>\n<li>Comunh\u00e3o: <a href=\"\/reportorio\/diversos\/o.pescador.do.lago.da.galileia.pdf\">Pescador do Lago da Galileia<\/a><\/li>\n<li>Final: <a href=\"\/reportorio\/final\/quero.ouvir.teu.apelo.senhor.pdf\">Quero Ouvir Teu Apelo Senhor<\/a><\/li>\n<\/ul>\n<h4>Ensaiar<\/h4>\n<ul>\n<li>Pai Nosso: <a href=\"\/reportorio\/painosso\/pai.nosso.2.vozes.pdf\">Pai Nosso<\/a><\/li>\n<li>Pai Nosso: <a href=\"\/reportorio\/entrada\/o.povo.de.deus.pdf\">O Povo de Deus<\/a><\/li>\n<\/ul>\n","protected":false},"excerpt":{"rendered":"<p>C\u00e2nticos para o Domingo V do Tempo Comum (Liturgia) Entrada: Igreja Peregrina Acto Penitencial: Senhor Tende Piedade (M. Alentejana) Aclama\u00e7\u00e3o: Aleluia, Aleluia, Aleluia Ofert\u00f3rio: Saber Que Vir\u00e1s Santo: Santo Paz\/Cordeiro: Cordeiro (T Aragu\u00e9s) Comunh\u00e3o: Pescador do Lago da Galileia Final: &hellip;<\/p>\n<p class=\"read-more\"> <a class=\"more-link\" href=\"https:\/\/coro.paroquiabaixadabanheira.org\/?p=1116\"> <span class=\"screen-reader-text\">Domingo V do Tempo Comum<\/span> Read More &raquo;<\/a><\/p>\n","protected":false},"author":1,"featured_media":0,"comment_status":"open","ping_status":"open","sticky":false,"template":"","format":"standard","meta":{"footnotes":""},"categories":[3],"tags":[],"class_list":["post-1116","post","type-post","status-publish","format-standard","hentry","category-ensaios"],"_links":{"self":[{"href":"https:\/\/coro.paroquiabaixadabanheira.org\/index.php?rest_route=\/wp\/v2\/posts\/1116","targetHints":{"allow":["GET"]}}],"collection":[{"href":"https:\/\/coro.paroquiabaixadabanheira.org\/index.php?rest_route=\/wp\/v2\/posts"}],"about":[{"href":"https:\/\/coro.paroquiabaixadabanheira.org\/index.php?rest_route=\/wp\/v2\/types\/post"}],"author":[{"embeddable":true,"href":"https:\/\/coro.paroquiabaixadabanheira.org\/index.php?rest_route=\/wp\/v2\/users\/1"}],"replies":[{"embeddable":true,"href":"https:\/\/coro.paroquiabaixadabanheira.org\/index.php?rest_route=%2Fwp%2Fv2%2Fcomments&post=1116"}],"version-history":[{"count":0,"href":"https:\/\/coro.paroquiabaixadabanheira.org\/index.php?rest_route=\/wp\/v2\/posts\/1116\/revisions"}],"wp:attachment":[{"href":"https:\/\/coro.paroquiabaixadabanheira.org\/index.php?rest_route=%2Fwp%2Fv2%2Fmedia&parent=1116"}],"wp:term":[{"taxonomy":"category","embeddable":true,"href":"https:\/\/coro.paroquiabaixadabanheira.org\/index.php?rest_route=%2Fwp%2Fv2%2Fcategories&post=1116"},{"taxonomy":"post_tag","embeddable":true,"href":"https:\/\/coro.paroquiabaixadabanheira.org\/index.php?rest_route=%2Fwp%2Fv2%2Ftags&post=1116"}],"curies":[{"name":"wp","href":"https:\/\/api.w.org\/{rel}","templated":true}]}}