{"id":1118,"date":"2013-02-21T11:57:15","date_gmt":"2013-02-21T11:57:15","guid":{"rendered":"http:\/\/coro.paroquiabaixadabanheira.org\/?p=1118"},"modified":"2013-02-21T11:57:15","modified_gmt":"2013-02-21T11:57:15","slug":"domingo-ii-da-quaresma-4","status":"publish","type":"post","link":"https:\/\/coro.paroquiabaixadabanheira.org\/?p=1118","title":{"rendered":"Domingo II da Quaresma"},"content":{"rendered":"<h4>C\u00e2nticos para o Domingo II da Quaresma (<a href=\"http:\/\/www.portal.ecclesia.pt\/ecclesiaout\/liturgia\/liturgia_site\/lit_dia\/ano_c\/ld_anoc_ver.asp?cod_ano_c=18\">Liturgia<\/a>)<\/h4>\n<p><strong>Esta semana devido \u00e0s promessas do agrupamento n\u00e3o cantamos, mas temos ensaio com as seguintes m\u00fasicas:<\/strong><\/p>\n<ul>\n<li><a href=\"\/reportorio\/quaresma\/caminha.povo.de.deus.pdf\">Caminha Povo de Deus<\/a><\/li>\n<li><a href=\"\/reportorio\/pentecostes\/espirito.de.amor.pdf\">Esp\u00edrito de Amor<\/a><\/li>\n<li><a href=\"\/reportorio\/santo\/santo.f.silva.pdf\">Santo (F. Silva)<\/a><\/li>\n<li><a href=\"\/reportorio\/diversos\/senhor.jesus.pdf\">Senhor Jesus<\/a><\/li>\n<li><a href=\"\/reportorio\/diversos\/sim.eu.quero.pdf\">Sim Eu Quero<\/a><\/li>\n<li><a href=\"\/reportorio\/quaresma\/bendiz.a.minha.alma.o.senhor.pdf\">Bendiz a Minha Alma o Senhor<\/a><\/li>\n<li><a href=\"\/reportorio\/baptismo\/tu.es.fonte.de.vida.pdf\">Tu \u00c9s Fonte de Vida (Taize) &#8211; Levo c\u00f3pias<\/a><\/li>\n<li><a href=\"\/reportorio\/penitencial\/tende.compaixao.pdf\">Tende Compaix\u00e3o<\/a><\/li>\n<\/ul>\n","protected":false},"excerpt":{"rendered":"<p>C\u00e2nticos para o Domingo II da Quaresma (Liturgia) Esta semana devido \u00e0s promessas do agrupamento n\u00e3o cantamos, mas temos ensaio com as seguintes m\u00fasicas: Caminha Povo de Deus Esp\u00edrito de Amor Santo (F. Silva) Senhor Jesus Sim Eu Quero Bendiz &hellip;<\/p>\n<p class=\"read-more\"> <a class=\"more-link\" href=\"https:\/\/coro.paroquiabaixadabanheira.org\/?p=1118\"> <span class=\"screen-reader-text\">Domingo II da Quaresma<\/span> Read More &raquo;<\/a><\/p>\n","protected":false},"author":1,"featured_media":0,"comment_status":"open","ping_status":"open","sticky":false,"template":"","format":"standard","meta":{"footnotes":""},"categories":[3],"tags":[],"class_list":["post-1118","post","type-post","status-publish","format-standard","hentry","category-ensaios"],"_links":{"self":[{"href":"https:\/\/coro.paroquiabaixadabanheira.org\/index.php?rest_route=\/wp\/v2\/posts\/1118","targetHints":{"allow":["GET"]}}],"collection":[{"href":"https:\/\/coro.paroquiabaixadabanheira.org\/index.php?rest_route=\/wp\/v2\/posts"}],"about":[{"href":"https:\/\/coro.paroquiabaixadabanheira.org\/index.php?rest_route=\/wp\/v2\/types\/post"}],"author":[{"embeddable":true,"href":"https:\/\/coro.paroquiabaixadabanheira.org\/index.php?rest_route=\/wp\/v2\/users\/1"}],"replies":[{"embeddable":true,"href":"https:\/\/coro.paroquiabaixadabanheira.org\/index.php?rest_route=%2Fwp%2Fv2%2Fcomments&post=1118"}],"version-history":[{"count":0,"href":"https:\/\/coro.paroquiabaixadabanheira.org\/index.php?rest_route=\/wp\/v2\/posts\/1118\/revisions"}],"wp:attachment":[{"href":"https:\/\/coro.paroquiabaixadabanheira.org\/index.php?rest_route=%2Fwp%2Fv2%2Fmedia&parent=1118"}],"wp:term":[{"taxonomy":"category","embeddable":true,"href":"https:\/\/coro.paroquiabaixadabanheira.org\/index.php?rest_route=%2Fwp%2Fv2%2Fcategories&post=1118"},{"taxonomy":"post_tag","embeddable":true,"href":"https:\/\/coro.paroquiabaixadabanheira.org\/index.php?rest_route=%2Fwp%2Fv2%2Ftags&post=1118"}],"curies":[{"name":"wp","href":"https:\/\/api.w.org\/{rel}","templated":true}]}}