{"id":1160,"date":"2013-06-26T18:19:59","date_gmt":"2013-06-26T18:19:59","guid":{"rendered":"http:\/\/coro.paroquiabaixadabanheira.org\/?p=1160"},"modified":"2013-06-26T18:19:59","modified_gmt":"2013-06-26T18:19:59","slug":"domingo-xiii-do-tempo-comum-4","status":"publish","type":"post","link":"https:\/\/coro.paroquiabaixadabanheira.org\/?p=1160","title":{"rendered":"Domingo XIII do Tempo Comum"},"content":{"rendered":"<h4>C\u00e2nticos para o Domingo XIII do Tempo Comum (<a href=\"http:\/\/www.portal.ecclesia.pt\/ecclesiaout\/liturgia\/liturgia_site\/lit_dia\/ano_c\/ld_anoc_ver.asp?cod_ano_c=44\">Liturgia<\/a>)<\/h4>\n<ul>\n<li>Entrada:\u00a0<a href=\"\/reportorio\/gracas\/a.tua.palavra.pdf\">\u00c1\u00a0Tua Palavra<\/a><\/li>\n<li>M. Penitencial:\u00a0<a href=\"\/reportorio\/penitencial\/senhor.tem.piedade.de.nos.pdf\">Senhor Tem Piedade de N\u00f3s<\/a><\/li>\n<li>Salmo 15(16)<\/li>\n<li>Aleluia:\u00a0<a href=\"\/reportorio\/aclama\/aleluia.junto.a.ti.pdf\">Aleluia, Junto a Ti<\/a><\/li>\n<li>Ofert\u00f3rio:<a href=\"\/reportorio\/advento\/pao.e.vinho.apresentamos.pdf\"> P\u00e3o e Vinho Apresentamos<\/a><\/li>\n<li>Santo:\u00a0<a href=\"\/reportorio\/santo\/santo.a.l.webber.pdf\">Santo\u00a0(A. Webber)<\/a><\/li>\n<li>Cordeiro:\u00a0<a href=\"\/reportorio\/cordeiro\/cordeiro.olindo.marques.pdf\">Cordeiro (O. Marques)<\/a><\/li>\n<li>Comunh\u00e3o:\u00a0<a href=\"\/reportorio\/comunhao\/comei.do.pao.pdf\">Comei do P\u00e3o<\/a><\/li>\n<li>Ac\u00e7\u00e3o de Gra\u00e7as:\u00a0<a href=\"\/reportorio\/gracas\/es.a.minha.vida.pdf\">\u00c9s a Minha Vida<\/a><\/li>\n<li>Final:<a href=\"\/reportorio\/pentecostes\/espirito.de.amor.pdf\">\u00a0Esp\u00edrito de Amor<\/a><\/li>\n<\/ul>\n","protected":false},"excerpt":{"rendered":"<p>C\u00e2nticos para o Domingo XIII do Tempo Comum (Liturgia) Entrada:\u00a0\u00c1\u00a0Tua Palavra M. Penitencial:\u00a0Senhor Tem Piedade de N\u00f3s Salmo 15(16) Aleluia:\u00a0Aleluia, Junto a Ti Ofert\u00f3rio: P\u00e3o e Vinho Apresentamos Santo:\u00a0Santo\u00a0(A. Webber) Cordeiro:\u00a0Cordeiro (O. Marques) Comunh\u00e3o:\u00a0Comei do P\u00e3o Ac\u00e7\u00e3o de Gra\u00e7as:\u00a0\u00c9s a &hellip;<\/p>\n<p class=\"read-more\"> <a class=\"more-link\" href=\"https:\/\/coro.paroquiabaixadabanheira.org\/?p=1160\"> <span class=\"screen-reader-text\">Domingo XIII do Tempo Comum<\/span> Read More &raquo;<\/a><\/p>\n","protected":false},"author":1,"featured_media":0,"comment_status":"open","ping_status":"open","sticky":false,"template":"","format":"standard","meta":{"footnotes":""},"categories":[3],"tags":[],"class_list":["post-1160","post","type-post","status-publish","format-standard","hentry","category-ensaios"],"_links":{"self":[{"href":"https:\/\/coro.paroquiabaixadabanheira.org\/index.php?rest_route=\/wp\/v2\/posts\/1160","targetHints":{"allow":["GET"]}}],"collection":[{"href":"https:\/\/coro.paroquiabaixadabanheira.org\/index.php?rest_route=\/wp\/v2\/posts"}],"about":[{"href":"https:\/\/coro.paroquiabaixadabanheira.org\/index.php?rest_route=\/wp\/v2\/types\/post"}],"author":[{"embeddable":true,"href":"https:\/\/coro.paroquiabaixadabanheira.org\/index.php?rest_route=\/wp\/v2\/users\/1"}],"replies":[{"embeddable":true,"href":"https:\/\/coro.paroquiabaixadabanheira.org\/index.php?rest_route=%2Fwp%2Fv2%2Fcomments&post=1160"}],"version-history":[{"count":0,"href":"https:\/\/coro.paroquiabaixadabanheira.org\/index.php?rest_route=\/wp\/v2\/posts\/1160\/revisions"}],"wp:attachment":[{"href":"https:\/\/coro.paroquiabaixadabanheira.org\/index.php?rest_route=%2Fwp%2Fv2%2Fmedia&parent=1160"}],"wp:term":[{"taxonomy":"category","embeddable":true,"href":"https:\/\/coro.paroquiabaixadabanheira.org\/index.php?rest_route=%2Fwp%2Fv2%2Fcategories&post=1160"},{"taxonomy":"post_tag","embeddable":true,"href":"https:\/\/coro.paroquiabaixadabanheira.org\/index.php?rest_route=%2Fwp%2Fv2%2Ftags&post=1160"}],"curies":[{"name":"wp","href":"https:\/\/api.w.org\/{rel}","templated":true}]}}