{"id":1161,"date":"2013-07-03T23:12:36","date_gmt":"2013-07-03T23:12:36","guid":{"rendered":"http:\/\/coro.paroquiabaixadabanheira.org\/?p=1161"},"modified":"2013-07-03T23:12:36","modified_gmt":"2013-07-03T23:12:36","slug":"domingo-xiv-do-tempo-comum-5","status":"publish","type":"post","link":"https:\/\/coro.paroquiabaixadabanheira.org\/?p=1161","title":{"rendered":"Domingo XIV do Tempo Comum"},"content":{"rendered":"<h4>C\u00e2nticos para o Domingo XIV do Tempo Comum<\/h4>\n<p>Festas de S. Jos\u00e9 Oper\u00e1rio na Baixa da Banheira\u00a0(<a href=\"http:\/\/www.portal.ecclesia.pt\/ecclesiaout\/liturgia\/liturgia_site\/santos\/santos_ver.asp?cod_santo=66\">Liturgia<\/a>)<\/p>\n<ul>\n<li>Entrada:\u00a0<a href=\"http:\/\/coro.paroquiabaixadabanheira.org\/reportorio\/entrada\/igreja.reunida.pdf\">Igreja Reunida<\/a><\/li>\n<li>M. Penitencial:\u00a0<a href=\"http:\/\/coro.paroquiabaixadabanheira.org\/reportorio\/penitencial\/senhor.tende.piedade.2.pdf\">Senhor Tende Piedade (T. Aragues)<\/a><\/li>\n<li>Salmo 89(90)<\/li>\n<li>Aleluia:\u00a0<a href=\"http:\/\/coro.paroquiabaixadabanheira.org\/reportorio\/aclama\/aleluia.jesus.e.senhor.pdf\">Aleluia, Jesus \u00e9 Senhor<\/a><\/li>\n<li>Ofert\u00f3rio:<a href=\"\/reportorio\/advento\/pao.e.vinho.apresentamos.pdf\"> P\u00e3o e Vinho Apresentamos<\/a><\/li>\n<li>Santo:\u00a0<a href=\"http:\/\/coro.paroquiabaixadabanheira.org\/reportorio\/santo\/santo.j.paulo.abreu.pdf\">Santo<\/a><\/li>\n<li>Cordeiro:\u00a0<a href=\"\/reportorio\/cordeiro\/cordeiro.olindo.marques.pdf\">Cordeiro (O. Marques)<\/a><\/li>\n<li>Comunh\u00e3o:\u00a0<a href=\"http:\/\/coro.paroquiabaixadabanheira.org\/reportorio\/comunhao\/e.o.meu.corpo.pdf\">\u00c9 o Meu Corpo<\/a><\/li>\n<li>Ac\u00e7\u00e3o de Gra\u00e7as:\u00a0<a href=\"http:\/\/coro.paroquiabaixadabanheira.org\/reportorio\/gracas\/deus.de.amor.pdf\">Deus de Amor<\/a><\/li>\n<li>Final:<a href=\"\/reportorio\/pentecostes\/espirito.de.amor.pdf\">\u00a0<\/a><a href=\"http:\/\/coro.paroquiabaixadabanheira.org\/reportorio\/diversos\/hino.sao.jose.pdf\">Hino de\u00a0 S. Jos\u00e9<\/a><\/li>\n<\/ul>\n","protected":false},"excerpt":{"rendered":"<p>C\u00e2nticos para o Domingo XIV do Tempo Comum Festas de S. Jos\u00e9 Oper\u00e1rio na Baixa da Banheira\u00a0(Liturgia) Entrada:\u00a0Igreja Reunida M. Penitencial:\u00a0Senhor Tende Piedade (T. Aragues) Salmo 89(90) Aleluia:\u00a0Aleluia, Jesus \u00e9 Senhor Ofert\u00f3rio: P\u00e3o e Vinho Apresentamos Santo:\u00a0Santo Cordeiro:\u00a0Cordeiro (O. Marques) &hellip;<\/p>\n<p class=\"read-more\"> <a class=\"more-link\" href=\"https:\/\/coro.paroquiabaixadabanheira.org\/?p=1161\"> <span class=\"screen-reader-text\">Domingo XIV do Tempo Comum<\/span> Read More &raquo;<\/a><\/p>\n","protected":false},"author":3,"featured_media":0,"comment_status":"open","ping_status":"open","sticky":false,"template":"","format":"standard","meta":{"footnotes":""},"categories":[3],"tags":[],"class_list":["post-1161","post","type-post","status-publish","format-standard","hentry","category-ensaios"],"_links":{"self":[{"href":"https:\/\/coro.paroquiabaixadabanheira.org\/index.php?rest_route=\/wp\/v2\/posts\/1161","targetHints":{"allow":["GET"]}}],"collection":[{"href":"https:\/\/coro.paroquiabaixadabanheira.org\/index.php?rest_route=\/wp\/v2\/posts"}],"about":[{"href":"https:\/\/coro.paroquiabaixadabanheira.org\/index.php?rest_route=\/wp\/v2\/types\/post"}],"author":[{"embeddable":true,"href":"https:\/\/coro.paroquiabaixadabanheira.org\/index.php?rest_route=\/wp\/v2\/users\/3"}],"replies":[{"embeddable":true,"href":"https:\/\/coro.paroquiabaixadabanheira.org\/index.php?rest_route=%2Fwp%2Fv2%2Fcomments&post=1161"}],"version-history":[{"count":0,"href":"https:\/\/coro.paroquiabaixadabanheira.org\/index.php?rest_route=\/wp\/v2\/posts\/1161\/revisions"}],"wp:attachment":[{"href":"https:\/\/coro.paroquiabaixadabanheira.org\/index.php?rest_route=%2Fwp%2Fv2%2Fmedia&parent=1161"}],"wp:term":[{"taxonomy":"category","embeddable":true,"href":"https:\/\/coro.paroquiabaixadabanheira.org\/index.php?rest_route=%2Fwp%2Fv2%2Fcategories&post=1161"},{"taxonomy":"post_tag","embeddable":true,"href":"https:\/\/coro.paroquiabaixadabanheira.org\/index.php?rest_route=%2Fwp%2Fv2%2Ftags&post=1161"}],"curies":[{"name":"wp","href":"https:\/\/api.w.org\/{rel}","templated":true}]}}