{"id":1198,"date":"2013-09-25T23:43:38","date_gmt":"2013-09-25T23:43:38","guid":{"rendered":"http:\/\/coro.paroquiabaixadabanheira.org\/?p=1198"},"modified":"2013-09-26T11:44:12","modified_gmt":"2013-09-26T11:44:12","slug":"domingo-xxvi-do-tempo-comum-3","status":"publish","type":"post","link":"https:\/\/coro.paroquiabaixadabanheira.org\/?p=1198","title":{"rendered":"Domingo XXVI do Tempo Comum"},"content":{"rendered":"<h4>C\u00e2nticos para o Domingo XXV do Tempo Comum (<a href=\"http:\/\/www.portal.ecclesia.pt\/ecclesiaout\/liturgia\/liturgia_site\/lit_dia\/ano_c\/ld_anoc_ver.asp?cod_ano_c=57\">Liturgia<\/a>)<\/h4>\n<ul>\n<li>Entrada: \u00a0<a href=\"http:\/\/coro.paroquiabaixadabanheira.org\/reportorio\/entrada\/errante.vou.pdf\">Errante vou<\/a><\/li>\n<li>M. Penitencial:\u00a0\u00a0<a href=\"http:\/\/coro.paroquiabaixadabanheira.org\/reportorio\/penitencial\/misericordia.pdf\">Miseric\u00f3rdia<\/a><\/li>\n<li>Salmo : 145(146) \u201c\u00d3 minha alma, louva o Senhor\u201d<\/li>\n<li>Aleluia:\u00a0<a href=\"http:\/\/coro.paroquiabaixadabanheira.org\/reportorio\/aclama\/quero.sempre.viver.pdf\">Quero sempre viver<\/a><\/li>\n<li>Credo : <a href=\"http:\/\/coro.paroquiabaixadabanheira.org\/reportorio\/credo\/creio.em.deus.cartageno.pdf\">Creio em Deus (S\u00edmbolo dos Ap\u00f3stolos)<\/a><\/li>\n<li>Ofert\u00f3rio:\u00a0<a href=\"http:\/\/coro.paroquiabaixadabanheira.org\/reportorio\/advento\/pao.e.vinho.apresentamos.pdf\">P\u00e3o e Vinho Apresentamos<\/a><\/li>\n<li>Santo:\u00a0<a href=\"http:\/\/coro.paroquiabaixadabanheira.org\/reportorio\/santo\/santo.jose.augusto.pdf\">Santo (J. Augusto)<\/a><\/li>\n<li>Paz:\u00a0<a href=\"http:\/\/coro.paroquiabaixadabanheira.org\/reportorio\/paz\/faz.a.paz.pdf\">Faz a Paz<\/a><\/li>\n<li>Comunh\u00e3o:\u00a0<a href=\"http:\/\/coro.paroquiabaixadabanheira.org\/reportorio\/gracas\/es.a.minha.vida.pdf\">\u00c9s a Minha Vida<\/a><\/li>\n<li>Ac\u00e7\u00e3o de Gra\u00e7as: <a href=\"http:\/\/coro.paroquiabaixadabanheira.org\/reportorio\/diversos\/sim.eu.quero.pdf\">Sim Eu Quero<\/a><\/li>\n<li>Final:\u00a0<a href=\"http:\/\/coro.paroquiabaixadabanheira.org\/reportorio\/diversos\/se.cres.em.deus.pdf\">Se Cr\u00eas em Deus<\/a><\/li>\n<\/ul>\n<p><strong>Para ensaiar:<\/strong><\/p>\n<ul>\n<li><a href=\"http:\/\/coro.paroquiabaixadabanheira.org\/reportorio\/comunhao\/verbo.de.deus.pdf\">O Verbo de Deus<\/a><\/li>\n<li>B<a href=\"http:\/\/coro.paroquiabaixadabanheira.org\/reportorio\/diversos\/bendito.sejais.senhor.pdf\">endito Sejais Senhor<\/a><\/li>\n<li><a href=\"http:\/\/coro.paroquiabaixadabanheira.org\/reportorio\/final\/sois.a.semente.pdf\">Sois a Semente<\/a><\/li>\n<\/ul>\n","protected":false},"excerpt":{"rendered":"<p>C\u00e2nticos para o Domingo XXV do Tempo Comum (Liturgia) Entrada: \u00a0Errante vou M. Penitencial:\u00a0\u00a0Miseric\u00f3rdia Salmo : 145(146) \u201c\u00d3 minha alma, louva o Senhor\u201d Aleluia:\u00a0Quero sempre viver Credo : Creio em Deus (S\u00edmbolo dos Ap\u00f3stolos) Ofert\u00f3rio:\u00a0P\u00e3o e Vinho Apresentamos Santo:\u00a0Santo (J. &hellip;<\/p>\n<p class=\"read-more\"> <a class=\"more-link\" href=\"https:\/\/coro.paroquiabaixadabanheira.org\/?p=1198\"> <span class=\"screen-reader-text\">Domingo XXVI do Tempo Comum<\/span> Read More &raquo;<\/a><\/p>\n","protected":false},"author":3,"featured_media":0,"comment_status":"open","ping_status":"open","sticky":false,"template":"","format":"standard","meta":{"footnotes":""},"categories":[1],"tags":[],"class_list":["post-1198","post","type-post","status-publish","format-standard","hentry","category-uncategorized"],"_links":{"self":[{"href":"https:\/\/coro.paroquiabaixadabanheira.org\/index.php?rest_route=\/wp\/v2\/posts\/1198","targetHints":{"allow":["GET"]}}],"collection":[{"href":"https:\/\/coro.paroquiabaixadabanheira.org\/index.php?rest_route=\/wp\/v2\/posts"}],"about":[{"href":"https:\/\/coro.paroquiabaixadabanheira.org\/index.php?rest_route=\/wp\/v2\/types\/post"}],"author":[{"embeddable":true,"href":"https:\/\/coro.paroquiabaixadabanheira.org\/index.php?rest_route=\/wp\/v2\/users\/3"}],"replies":[{"embeddable":true,"href":"https:\/\/coro.paroquiabaixadabanheira.org\/index.php?rest_route=%2Fwp%2Fv2%2Fcomments&post=1198"}],"version-history":[{"count":5,"href":"https:\/\/coro.paroquiabaixadabanheira.org\/index.php?rest_route=\/wp\/v2\/posts\/1198\/revisions"}],"predecessor-version":[{"id":1203,"href":"https:\/\/coro.paroquiabaixadabanheira.org\/index.php?rest_route=\/wp\/v2\/posts\/1198\/revisions\/1203"}],"wp:attachment":[{"href":"https:\/\/coro.paroquiabaixadabanheira.org\/index.php?rest_route=%2Fwp%2Fv2%2Fmedia&parent=1198"}],"wp:term":[{"taxonomy":"category","embeddable":true,"href":"https:\/\/coro.paroquiabaixadabanheira.org\/index.php?rest_route=%2Fwp%2Fv2%2Fcategories&post=1198"},{"taxonomy":"post_tag","embeddable":true,"href":"https:\/\/coro.paroquiabaixadabanheira.org\/index.php?rest_route=%2Fwp%2Fv2%2Ftags&post=1198"}],"curies":[{"name":"wp","href":"https:\/\/api.w.org\/{rel}","templated":true}]}}