{"id":1205,"date":"2013-10-01T12:47:36","date_gmt":"2013-10-01T12:47:36","guid":{"rendered":"http:\/\/coro.paroquiabaixadabanheira.org\/?p=1205"},"modified":"2013-10-01T12:47:36","modified_gmt":"2013-10-01T12:47:36","slug":"domingo-xxvii-do-tempo-comum-3","status":"publish","type":"post","link":"https:\/\/coro.paroquiabaixadabanheira.org\/?p=1205","title":{"rendered":"Domingo XXVII do Tempo Comum"},"content":{"rendered":"<h4>C\u00e2nticos para o Domingo XXVII do Tempo Comum (<a href=\"http:\/\/www.portal.ecclesia.pt\/ecclesiaout\/liturgia\/liturgia_site\/lit_dia\/ano_c\/ld_anoc_ver.asp?cod_ano_c=58\">Liturgia<\/a>)<\/h4>\n<ul>\n<li>Entrada: \u00a0<a href=\"http:\/\/coro.paroquiabaixadabanheira.org\/reportorio\/entrada\/errante.vou.pdf\">Errante vou<\/a><\/li>\n<li>M. Penitencial:\u00a0<a href=\"http:\/\/coro.paroquiabaixadabanheira.org\/reportorio\/penitencial\/senhor.tende.piedade.3.pdf\">Senhor Tende Piedade (M. Alentejana)<\/a><\/li>\n<li>Salmo : 94(95) \u201c<a href=\"http:\/\/www.liturgia.pt\/multimedia\/mp3\/SalmosResponsoriais\/159_TC_C_27Dom-HojeSeEscutardes.mp3\">Hoje se escutardes a voz do Senhor, n\u00e3o fecheis os vossos cora\u00e7\u00f5es<\/a>\u201d<\/li>\n<li>Aleluia: <a href=\"http:\/\/coro.paroquiabaixadabanheira.org\/reportorio\/advento\/canto.a.cristo.pdf\">Canto a Cristo (Aleluia)<\/a><a href=\"http:\/\/coro.paroquiabaixadabanheira.org\/reportorio\/aclama\/quero.sempre.viver.pdf\"><br \/>\n<\/a><\/li>\n<li>Credo :\u00a0<a href=\"http:\/\/coro.paroquiabaixadabanheira.org\/reportorio\/credo\/creio.em.deus.cartageno.pdf\">Creio em Deus (S\u00edmbolo dos Ap\u00f3stolos)<\/a><\/li>\n<li>Ofert\u00f3rio:\u00a0<a href=\"http:\/\/coro.paroquiabaixadabanheira.org\/reportorio\/advento\/pao.e.vinho.apresentamos.pdf\">P\u00e3o e Vinho Apresentamos<\/a><\/li>\n<li>Santo:\u00a0<a href=\"http:\/\/coro.paroquiabaixadabanheira.org\/reportorio\/santo\/santo.jose.augusto.pdf\">Santo (J. Augusto)<\/a><\/li>\n<li>Cordeiro:\u00a0<a href=\"http:\/\/coro.paroquiabaixadabanheira.org\/reportorio\/cordeiro\/cordeiro.aragues.pdf\">Cordeiro (T. Aragu\u00e8s)<\/a><\/li>\n<li>Comunh\u00e3o:\u00a0<a href=\"http:\/\/coro.paroquiabaixadabanheira.org\/reportorio\/diversos\/se.o.grao.de.trigo.pdf\">Se o Gr\u00e3o de Trigo<\/a><\/li>\n<li>Ac\u00e7\u00e3o de Gra\u00e7as:\u00a0<a href=\"http:\/\/coro.paroquiabaixadabanheira.org\/reportorio\/diversos\/senhor.aqui.nos.tendes.pdf\">Senhor, Aqui nos Tendes<\/a><\/li>\n<li>Final:\u00a0<a href=\"http:\/\/coro.paroquiabaixadabanheira.org\/reportorio\/final\/sois.a.semente.pdf\">Sois a Semente<\/a><br \/>\n<a href=\"http:\/\/coro.paroquiabaixadabanheira.org\/reportorio\/diversos\/se.cres.em.deus.pdf\"><br \/>\n<\/a><\/li>\n<\/ul>\n","protected":false},"excerpt":{"rendered":"<p>C\u00e2nticos para o Domingo XXVII do Tempo Comum (Liturgia) Entrada: \u00a0Errante vou M. Penitencial:\u00a0Senhor Tende Piedade (M. Alentejana) Salmo : 94(95) \u201cHoje se escutardes a voz do Senhor, n\u00e3o fecheis os vossos cora\u00e7\u00f5es\u201d Aleluia: Canto a Cristo (Aleluia) Credo :\u00a0Creio &hellip;<\/p>\n<p class=\"read-more\"> <a class=\"more-link\" href=\"https:\/\/coro.paroquiabaixadabanheira.org\/?p=1205\"> <span class=\"screen-reader-text\">Domingo XXVII do Tempo Comum<\/span> Read More &raquo;<\/a><\/p>\n","protected":false},"author":1,"featured_media":0,"comment_status":"open","ping_status":"open","sticky":false,"template":"","format":"standard","meta":{"footnotes":""},"categories":[1],"tags":[],"class_list":["post-1205","post","type-post","status-publish","format-standard","hentry","category-uncategorized"],"_links":{"self":[{"href":"https:\/\/coro.paroquiabaixadabanheira.org\/index.php?rest_route=\/wp\/v2\/posts\/1205","targetHints":{"allow":["GET"]}}],"collection":[{"href":"https:\/\/coro.paroquiabaixadabanheira.org\/index.php?rest_route=\/wp\/v2\/posts"}],"about":[{"href":"https:\/\/coro.paroquiabaixadabanheira.org\/index.php?rest_route=\/wp\/v2\/types\/post"}],"author":[{"embeddable":true,"href":"https:\/\/coro.paroquiabaixadabanheira.org\/index.php?rest_route=\/wp\/v2\/users\/1"}],"replies":[{"embeddable":true,"href":"https:\/\/coro.paroquiabaixadabanheira.org\/index.php?rest_route=%2Fwp%2Fv2%2Fcomments&post=1205"}],"version-history":[{"count":1,"href":"https:\/\/coro.paroquiabaixadabanheira.org\/index.php?rest_route=\/wp\/v2\/posts\/1205\/revisions"}],"predecessor-version":[{"id":1206,"href":"https:\/\/coro.paroquiabaixadabanheira.org\/index.php?rest_route=\/wp\/v2\/posts\/1205\/revisions\/1206"}],"wp:attachment":[{"href":"https:\/\/coro.paroquiabaixadabanheira.org\/index.php?rest_route=%2Fwp%2Fv2%2Fmedia&parent=1205"}],"wp:term":[{"taxonomy":"category","embeddable":true,"href":"https:\/\/coro.paroquiabaixadabanheira.org\/index.php?rest_route=%2Fwp%2Fv2%2Fcategories&post=1205"},{"taxonomy":"post_tag","embeddable":true,"href":"https:\/\/coro.paroquiabaixadabanheira.org\/index.php?rest_route=%2Fwp%2Fv2%2Ftags&post=1205"}],"curies":[{"name":"wp","href":"https:\/\/api.w.org\/{rel}","templated":true}]}}