{"id":1208,"date":"2013-10-10T00:38:56","date_gmt":"2013-10-10T00:38:56","guid":{"rendered":"http:\/\/coro.paroquiabaixadabanheira.org\/?p=1208"},"modified":"2013-10-10T15:05:08","modified_gmt":"2013-10-10T15:05:08","slug":"domingo-xxviii-do-tempo-comum-4","status":"publish","type":"post","link":"https:\/\/coro.paroquiabaixadabanheira.org\/?p=1208","title":{"rendered":"Domingo XXVIII do Tempo Comum"},"content":{"rendered":"<h4>C\u00e2nticos para o Domingo XXVIII do Tempo Comum (<a href=\"http:\/\/www.portal.ecclesia.pt\/ecclesiaout\/liturgia\/liturgia_site\/lit_dia\/ano_c\/ld_anoc_ver.asp?cod_ano_c=59\">Liturgia<\/a>)<\/h4>\n<ul>\n<li>Entrada: \u00a0<a href=\"http:\/\/coro.paroquiabaixadabanheira.org\/reportorio\/diversos\/povos.todos.pdf\">Povos Todos<\/a><\/li>\n<li>M. Penitencial:\u00a0<a href=\"http:\/\/coro.paroquiabaixadabanheira.org\/reportorio\/penitencial\/senhor.tende.piedade.3.pdf\">Senhor Tende Piedade (M. Alentejana)<\/a><\/li>\n<li>Salmo : 97(98) &#8221; Diante dos povos manifestou Deus a salva\u00e7\u00e3o&#8221;<\/li>\n<li>Aleluia: <a href=\"http:\/\/coro.paroquiabaixadabanheira.org\/reportorio\/advento\/canto.a.cristo.pdf\">Canto a Cristo (Aleluia)<\/a><\/li>\n<li>Credo :\u00a0<a href=\"http:\/\/coro.paroquiabaixadabanheira.org\/reportorio\/credo\/creio.em.deus.cartageno.pdf\">Creio em Deus (S\u00edmbolo dos Ap\u00f3stolos)<\/a><\/li>\n<li>Ofert\u00f3rio:\u00a0<a href=\"http:\/\/coro.paroquiabaixadabanheira.org\/reportorio\/ofertorio\/no.teu.altar.pdf\">No teu Altar<\/a><\/li>\n<li>Santo:\u00a0<a href=\"http:\/\/coro.paroquiabaixadabanheira.org\/reportorio\/santo\/santo.pdf\">Santo<\/a><\/li>\n<li>Paz:\u00a0<a href=\"http:\/\/coro.paroquiabaixadabanheira.org\/reportorio\/paz\/paz.meu.irmao.pdf\">Paz meu irm\u00e3o<\/a><\/li>\n<li>Comunh\u00e3o:\u00a0<a href=\"http:\/\/coro.paroquiabaixadabanheira.org\/reportorio\/comunhao\/uma.espiga.pdf\">Uma Espiga<\/a><\/li>\n<li>Ac\u00e7\u00e3o de Gra\u00e7as:\u00a0<a href=\"http:\/\/coro.paroquiabaixadabanheira.org\/reportorio\/gracas\/tu.senhor.pai.bondoso.pdf\">Tu Senhor, Pai Bondoso<\/a><\/li>\n<li>Final:\u00a0<a href=\"http:\/\/coro.paroquiabaixadabanheira.org\/reportorio\/final\/quero.ouvir.teu.apelo.senhor.pdf\">Quero Ouvir Teu Apelo Senhor<\/a><\/li>\n<\/ul>\n<p><strong>Para ensaiar:<\/strong><\/p>\n<ul>\n<li><a href=\"http:\/\/coro.paroquiabaixadabanheira.org\/reportorio\/comunhao\/verbo.de.deus.pdf\">O Verbo de Deus<\/a><\/li>\n<li><a href=\"http:\/\/coro.paroquiabaixadabanheira.org\/reportorio\/painosso\/todo.o.mundo.pdf\">Pai Nosso (Todo o Mundo)<\/a><\/li>\n<\/ul>\n<p>&nbsp;<\/p>\n","protected":false},"excerpt":{"rendered":"<p>C\u00e2nticos para o Domingo XXVIII do Tempo Comum (Liturgia) Entrada: \u00a0Povos Todos M. Penitencial:\u00a0Senhor Tende Piedade (M. Alentejana) Salmo : 97(98) &#8221; Diante dos povos manifestou Deus a salva\u00e7\u00e3o&#8221; Aleluia: Canto a Cristo (Aleluia) Credo :\u00a0Creio em Deus (S\u00edmbolo dos &hellip;<\/p>\n<p class=\"read-more\"> <a class=\"more-link\" href=\"https:\/\/coro.paroquiabaixadabanheira.org\/?p=1208\"> <span class=\"screen-reader-text\">Domingo XXVIII do Tempo Comum<\/span> Read More &raquo;<\/a><\/p>\n","protected":false},"author":3,"featured_media":0,"comment_status":"open","ping_status":"open","sticky":false,"template":"","format":"standard","meta":{"footnotes":""},"categories":[3],"tags":[],"class_list":["post-1208","post","type-post","status-publish","format-standard","hentry","category-ensaios"],"_links":{"self":[{"href":"https:\/\/coro.paroquiabaixadabanheira.org\/index.php?rest_route=\/wp\/v2\/posts\/1208","targetHints":{"allow":["GET"]}}],"collection":[{"href":"https:\/\/coro.paroquiabaixadabanheira.org\/index.php?rest_route=\/wp\/v2\/posts"}],"about":[{"href":"https:\/\/coro.paroquiabaixadabanheira.org\/index.php?rest_route=\/wp\/v2\/types\/post"}],"author":[{"embeddable":true,"href":"https:\/\/coro.paroquiabaixadabanheira.org\/index.php?rest_route=\/wp\/v2\/users\/3"}],"replies":[{"embeddable":true,"href":"https:\/\/coro.paroquiabaixadabanheira.org\/index.php?rest_route=%2Fwp%2Fv2%2Fcomments&post=1208"}],"version-history":[{"count":6,"href":"https:\/\/coro.paroquiabaixadabanheira.org\/index.php?rest_route=\/wp\/v2\/posts\/1208\/revisions"}],"predecessor-version":[{"id":1215,"href":"https:\/\/coro.paroquiabaixadabanheira.org\/index.php?rest_route=\/wp\/v2\/posts\/1208\/revisions\/1215"}],"wp:attachment":[{"href":"https:\/\/coro.paroquiabaixadabanheira.org\/index.php?rest_route=%2Fwp%2Fv2%2Fmedia&parent=1208"}],"wp:term":[{"taxonomy":"category","embeddable":true,"href":"https:\/\/coro.paroquiabaixadabanheira.org\/index.php?rest_route=%2Fwp%2Fv2%2Fcategories&post=1208"},{"taxonomy":"post_tag","embeddable":true,"href":"https:\/\/coro.paroquiabaixadabanheira.org\/index.php?rest_route=%2Fwp%2Fv2%2Ftags&post=1208"}],"curies":[{"name":"wp","href":"https:\/\/api.w.org\/{rel}","templated":true}]}}