{"id":1217,"date":"2013-10-15T19:35:05","date_gmt":"2013-10-15T19:35:05","guid":{"rendered":"http:\/\/coro.paroquiabaixadabanheira.org\/?p=1217"},"modified":"2013-10-16T19:21:44","modified_gmt":"2013-10-16T19:21:44","slug":"domingo-xxix-do-tempo-comum-4","status":"publish","type":"post","link":"https:\/\/coro.paroquiabaixadabanheira.org\/?p=1217","title":{"rendered":"Domingo XXIX do Tempo Comum"},"content":{"rendered":"<h4>C\u00e2nticos para o Domingo XXIX do Tempo Comum (<a href=\"http:\/\/www.portal.ecclesia.pt\/ecclesiaout\/liturgia\/liturgia_site\/lit_dia\/ano_c\/ld_anoc_ver.asp?cod_ano_c=60\">Liturgia<\/a>)<\/h4>\n<ul>\n<li>Entrada: <a href=\"http:\/\/coro.paroquiabaixadabanheira.org\/reportorio\/gracas\/a.tua.palavra.pdf\">\u00c0 Tua Palavra<\/a>\u00a0<a href=\"http:\/\/coro.paroquiabaixadabanheira.org\/reportorio\/entrada\/errante.vou.pdf\"><br \/>\n<\/a><\/li>\n<li>M. Penitencial: <a href=\"http:\/\/coro.paroquiabaixadabanheira.org\/reportorio\/penitencial\/senhor.tem.piedade.de.nos.pdf\">Senhor Tem Piedade de N\u00f3s<\/a><\/li>\n<li>Gl\u00f3ria:\u00a0<a href=\"http:\/\/coro.paroquiabaixadabanheira.org\/reportorio\/gloria\/gloria.a.deus.pdf\">Gl\u00f3ria<\/a><\/li>\n<li>Salmo : <a href=\"http:\/\/www.liturgia.pt\/multimedia\/mp3\/SalmosResponsoriais\/161_TC_C_29Dom-ONossoAuxilio.mp3\">120(121)<\/a><\/li>\n<li>Aleluia:\u00a0<a href=\"http:\/\/coro.paroquiabaixadabanheira.org\/reportorio\/aclama\/aleluia.junto.a.ti.pdf\">Aleluia\u00a0Junto a Ti<\/a><a href=\"http:\/\/coro.paroquiabaixadabanheira.org\/reportorio\/aclama\/quero.sempre.viver.pdf\"><br \/>\n<\/a><\/li>\n<li>Credo :\u00a0<a href=\"http:\/\/coro.paroquiabaixadabanheira.org\/reportorio\/credo\/creio.em.deus.cartageno.pdf\">Creio em Deus (S\u00edmbolo dos Ap\u00f3stolos)<\/a><\/li>\n<li>Ofert\u00f3rio:\u00a0<a href=\"http:\/\/coro.paroquiabaixadabanheira.org\/reportorio\/ofertorio\/sabes.senhor.pdf\">Sabes Senhor<\/a><a href=\"http:\/\/coro.paroquiabaixadabanheira.org\/reportorio\/advento\/pao.e.vinho.apresentamos.pdf\"><br \/>\n<\/a><\/li>\n<li>Santo:\u00a0<a href=\"http:\/\/coro.paroquiabaixadabanheira.org\/reportorio\/santo\/santo.pdf\">Santo<\/a><\/li>\n<li>Cordeiro:\u00a0<a href=\"http:\/\/coro.paroquiabaixadabanheira.org\/reportorio\/cordeiro\/cordeiro.cartageno.pdf\">Cordeiro (A. Cartageno)<\/a><\/li>\n<li>Comunh\u00e3o:\u00a0<a href=\"http:\/\/coro.paroquiabaixadabanheira.org\/reportorio\/comunhao\/pao.divino.pdf\">P\u00e3o Divino<\/a><a href=\"http:\/\/coro.paroquiabaixadabanheira.org\/reportorio\/diversos\/se.o.grao.de.trigo.pdf\"><br \/>\n<\/a><\/li>\n<li>Ac\u00e7\u00e3o de Gra\u00e7as:\u00a0<a href=\"http:\/\/coro.paroquiabaixadabanheira.org\/reportorio\/diversos\/eu.sou.teu.pdf\">Eu Sou Teu<\/a><a href=\"http:\/\/coro.paroquiabaixadabanheira.org\/reportorio\/diversos\/senhor.aqui.nos.tendes.pdf\"><br \/>\n<\/a><\/li>\n<li>Final:\u00a0<a href=\"http:\/\/coro.paroquiabaixadabanheira.org\/reportorio\/diversos\/cristo.quer.a.tua.ajuda.pdf\">Cristo Quer a Tua Ajuda<\/a><a href=\"http:\/\/coro.paroquiabaixadabanheira.org\/reportorio\/final\/sois.a.semente.pdf\"><br \/>\n<\/a><\/li>\n<\/ul>\n<p>Para ensaiar:<\/p>\n<ul>\n<li>A minha alma canta jubilosa<\/li>\n<li><a href=\"http:\/\/coro.paroquiabaixadabanheira.org\/reportorio\/comunhao\/verbo.de.deus.pdf\">O Verbo de Deus<\/a><\/li>\n<li><a href=\"http:\/\/coro.paroquiabaixadabanheira.org\/reportorio\/diversos\/tu.me.conheces.sl138.pdf\">Tu Me Conheces<\/a><\/li>\n<li><a href=\"http:\/\/coro.paroquiabaixadabanheira.org\/reportorio\/entrada\/vem.com.alegria.pdf\">V\u00eam com Alegria<\/a><\/li>\n<\/ul>\n","protected":false},"excerpt":{"rendered":"<p>C\u00e2nticos para o Domingo XXIX do Tempo Comum (Liturgia) Entrada: \u00c0 Tua Palavra\u00a0 M. Penitencial: Senhor Tem Piedade de N\u00f3s Gl\u00f3ria:\u00a0Gl\u00f3ria Salmo : 120(121) Aleluia:\u00a0Aleluia\u00a0Junto a Ti Credo :\u00a0Creio em Deus (S\u00edmbolo dos Ap\u00f3stolos) Ofert\u00f3rio:\u00a0Sabes Senhor Santo:\u00a0Santo Cordeiro:\u00a0Cordeiro (A. Cartageno) &hellip;<\/p>\n<p class=\"read-more\"> <a class=\"more-link\" href=\"https:\/\/coro.paroquiabaixadabanheira.org\/?p=1217\"> <span class=\"screen-reader-text\">Domingo XXIX do Tempo Comum<\/span> Read More &raquo;<\/a><\/p>\n","protected":false},"author":1,"featured_media":0,"comment_status":"open","ping_status":"open","sticky":false,"template":"","format":"standard","meta":{"footnotes":""},"categories":[3],"tags":[],"class_list":["post-1217","post","type-post","status-publish","format-standard","hentry","category-ensaios"],"_links":{"self":[{"href":"https:\/\/coro.paroquiabaixadabanheira.org\/index.php?rest_route=\/wp\/v2\/posts\/1217","targetHints":{"allow":["GET"]}}],"collection":[{"href":"https:\/\/coro.paroquiabaixadabanheira.org\/index.php?rest_route=\/wp\/v2\/posts"}],"about":[{"href":"https:\/\/coro.paroquiabaixadabanheira.org\/index.php?rest_route=\/wp\/v2\/types\/post"}],"author":[{"embeddable":true,"href":"https:\/\/coro.paroquiabaixadabanheira.org\/index.php?rest_route=\/wp\/v2\/users\/1"}],"replies":[{"embeddable":true,"href":"https:\/\/coro.paroquiabaixadabanheira.org\/index.php?rest_route=%2Fwp%2Fv2%2Fcomments&post=1217"}],"version-history":[{"count":4,"href":"https:\/\/coro.paroquiabaixadabanheira.org\/index.php?rest_route=\/wp\/v2\/posts\/1217\/revisions"}],"predecessor-version":[{"id":1222,"href":"https:\/\/coro.paroquiabaixadabanheira.org\/index.php?rest_route=\/wp\/v2\/posts\/1217\/revisions\/1222"}],"wp:attachment":[{"href":"https:\/\/coro.paroquiabaixadabanheira.org\/index.php?rest_route=%2Fwp%2Fv2%2Fmedia&parent=1217"}],"wp:term":[{"taxonomy":"category","embeddable":true,"href":"https:\/\/coro.paroquiabaixadabanheira.org\/index.php?rest_route=%2Fwp%2Fv2%2Fcategories&post=1217"},{"taxonomy":"post_tag","embeddable":true,"href":"https:\/\/coro.paroquiabaixadabanheira.org\/index.php?rest_route=%2Fwp%2Fv2%2Ftags&post=1217"}],"curies":[{"name":"wp","href":"https:\/\/api.w.org\/{rel}","templated":true}]}}