{"id":1226,"date":"2013-10-23T22:47:04","date_gmt":"2013-10-23T22:47:04","guid":{"rendered":"http:\/\/coro.paroquiabaixadabanheira.org\/?p=1226"},"modified":"2013-10-23T22:47:04","modified_gmt":"2013-10-23T22:47:04","slug":"domingo-xxx-do-tempo-comum-4","status":"publish","type":"post","link":"https:\/\/coro.paroquiabaixadabanheira.org\/?p=1226","title":{"rendered":"Domingo XXX do Tempo Comum"},"content":{"rendered":"<h4>C\u00e2nticos para o Domingo XXX do Tempo Comum (<a href=\"http:\/\/www.portal.ecclesia.pt\/ecclesiaout\/liturgia\/liturgia_site\/lit_dia\/ano_c\/ld_anoc_ver.asp?cod_ano_c=61\">Liturgia<\/a>)<\/h4>\n<ul>\n<li>Entrada:\u00a0<a href=\"http:\/\/coro.paroquiabaixadabanheira.org\/reportorio\/diversos\/venho.aqui.meu.senhor.pdf\">Venho Aqui Meu Senhor<\/a><\/li>\n<li>M. Penitencial: <a href=\"http:\/\/coro.paroquiabaixadabanheira.org\/reportorio\/penitencial\/senhor.tem.piedade.de.nos.pdf\">Senhor Tem Piedade de N\u00f3s<\/a><\/li>\n<li>Salmo :\u00a033 \/ (34)\u00a0&#8220;O pobre aclamou o senhor o ouviu&#8221;<\/li>\n<li>Aleluia:\u00a0<a href=\"http:\/\/coro.paroquiabaixadabanheira.org\/reportorio\/aclama\/aleluia.junto.a.ti.pdf\">Aleluia\u00a0Junto a Ti<\/a><\/li>\n<li>Credo :\u00a0<a href=\"http:\/\/coro.paroquiabaixadabanheira.org\/reportorio\/credo\/creio.em.deus.cartageno.pdf\">Creio em Deus (S\u00edmbolo dos Ap\u00f3stolos)<\/a><\/li>\n<li>Ofert\u00f3rio:\u00a0<a href=\"http:\/\/coro.paroquiabaixadabanheira.org\/reportorio\/ofertorio\/no.teu.altar.pdf\">No teu Altar<\/a><\/li>\n<li>Santo:\u00a0<a href=\"http:\/\/coro.paroquiabaixadabanheira.org\/reportorio\/santo\/santo.pdf\">Santo<\/a><\/li>\n<li>Cordeiro:\u00a0<a href=\"http:\/\/coro.paroquiabaixadabanheira.org\/reportorio\/cordeiro\/cordeiro.cartageno.pdf\">Cordeiro (A. Cartageno)<\/a><\/li>\n<li>Comunh\u00e3o:\u00a0<a href=\"http:\/\/coro.paroquiabaixadabanheira.org\/reportorio\/diversos\/ninguem.te.ama.como.eu.pdf\">Ningu\u00e9m te ama como Eu<\/a><\/li>\n<li>Ac\u00e7\u00e3o de Gra\u00e7as:\u00a0B<a href=\"http:\/\/coro.paroquiabaixadabanheira.org\/reportorio\/diversos\/bendito.sejais.senhor.pdf\">endito Sejais Senhor<\/a><\/li>\n<li>Final:\u00a0<a href=\"http:\/\/coro.paroquiabaixadabanheira.org\/reportorio\/quaresma\/no.senhor.pus.a.minha.esperanca.pdf\">No Senhor Pus a Minha Esperan\u00e7a<\/a><\/li>\n<\/ul>\n<p>Para ensaiar:<\/p>\n<ul>\n<li>A minha alma canta jubilosa<\/li>\n<li><a href=\"http:\/\/coro.paroquiabaixadabanheira.org\/reportorio\/comunhao\/verbo.de.deus.pdf\">O Verbo de Deus<\/a><\/li>\n<li><a href=\"http:\/\/coro.paroquiabaixadabanheira.org\/reportorio\/diversos\/tu.me.conheces.sl138.pdf\">Tu Me Conheces<\/a><\/li>\n<li><a href=\"http:\/\/coro.paroquiabaixadabanheira.org\/reportorio\/entrada\/vem.com.alegria.pdf\">V\u00eam com Alegria<\/a><\/li>\n<\/ul>\n","protected":false},"excerpt":{"rendered":"<p>C\u00e2nticos para o Domingo XXX do Tempo Comum (Liturgia) Entrada:\u00a0Venho Aqui Meu Senhor M. Penitencial: Senhor Tem Piedade de N\u00f3s Salmo :\u00a033 \/ (34)\u00a0&#8220;O pobre aclamou o senhor o ouviu&#8221; Aleluia:\u00a0Aleluia\u00a0Junto a Ti Credo :\u00a0Creio em Deus (S\u00edmbolo dos Ap\u00f3stolos) &hellip;<\/p>\n<p class=\"read-more\"> <a class=\"more-link\" href=\"https:\/\/coro.paroquiabaixadabanheira.org\/?p=1226\"> <span class=\"screen-reader-text\">Domingo XXX do Tempo Comum<\/span> Read More &raquo;<\/a><\/p>\n","protected":false},"author":3,"featured_media":0,"comment_status":"open","ping_status":"open","sticky":false,"template":"","format":"standard","meta":{"footnotes":""},"categories":[3],"tags":[],"class_list":["post-1226","post","type-post","status-publish","format-standard","hentry","category-ensaios"],"_links":{"self":[{"href":"https:\/\/coro.paroquiabaixadabanheira.org\/index.php?rest_route=\/wp\/v2\/posts\/1226","targetHints":{"allow":["GET"]}}],"collection":[{"href":"https:\/\/coro.paroquiabaixadabanheira.org\/index.php?rest_route=\/wp\/v2\/posts"}],"about":[{"href":"https:\/\/coro.paroquiabaixadabanheira.org\/index.php?rest_route=\/wp\/v2\/types\/post"}],"author":[{"embeddable":true,"href":"https:\/\/coro.paroquiabaixadabanheira.org\/index.php?rest_route=\/wp\/v2\/users\/3"}],"replies":[{"embeddable":true,"href":"https:\/\/coro.paroquiabaixadabanheira.org\/index.php?rest_route=%2Fwp%2Fv2%2Fcomments&post=1226"}],"version-history":[{"count":1,"href":"https:\/\/coro.paroquiabaixadabanheira.org\/index.php?rest_route=\/wp\/v2\/posts\/1226\/revisions"}],"predecessor-version":[{"id":1227,"href":"https:\/\/coro.paroquiabaixadabanheira.org\/index.php?rest_route=\/wp\/v2\/posts\/1226\/revisions\/1227"}],"wp:attachment":[{"href":"https:\/\/coro.paroquiabaixadabanheira.org\/index.php?rest_route=%2Fwp%2Fv2%2Fmedia&parent=1226"}],"wp:term":[{"taxonomy":"category","embeddable":true,"href":"https:\/\/coro.paroquiabaixadabanheira.org\/index.php?rest_route=%2Fwp%2Fv2%2Fcategories&post=1226"},{"taxonomy":"post_tag","embeddable":true,"href":"https:\/\/coro.paroquiabaixadabanheira.org\/index.php?rest_route=%2Fwp%2Fv2%2Ftags&post=1226"}],"curies":[{"name":"wp","href":"https:\/\/api.w.org\/{rel}","templated":true}]}}