{"id":1245,"date":"2013-11-13T19:21:08","date_gmt":"2013-11-13T19:21:08","guid":{"rendered":"http:\/\/coro.paroquiabaixadabanheira.org\/?p=1245"},"modified":"2013-11-13T19:21:08","modified_gmt":"2013-11-13T19:21:08","slug":"domingo-xxxiii-do-tempo-comum-5","status":"publish","type":"post","link":"https:\/\/coro.paroquiabaixadabanheira.org\/?p=1245","title":{"rendered":"Domingo XXXIII do Tempo Comum"},"content":{"rendered":"<h4>C\u00e2nticos para o Domingo XXXIII do Tempo Comum (<a href=\"http:\/\/www.portal.ecclesia.pt\/ecclesiaout\/liturgia\/liturgia_site\/lit_dia\/ano_c\/ld_anoc_ver.asp?cod_ano_c=64\">Liturgia<\/a>)<\/h4>\n<ul>\n<li>Entrada:<a href=\"http:\/\/coro.paroquiabaixadabanheira.org\/reportorio\/diversos\/venho.aqui.meu.senhor.pdf\"> Venho Aqui, Meu Senhor\u00a0<\/a><\/li>\n<li>M. Penitencial: <a href=\"http:\/\/coro.paroquiabaixadabanheira.org\/reportorio\/penitencial\/senhor.tende.piedade.2.pdf\">Senhor, Tende Piedade<\/a><\/li>\n<li>Salmo :\u00a0\u00a097(98)<a href=\"http:\/\/coro.paroquiabaixadabanheira.org\/reportorio\/advento\/canto.a.cristo.pdf\"><br \/>\n<\/a><\/li>\n<li>Aleluia:\u00a0\u00a0<a href=\"http:\/\/coro.paroquiabaixadabanheira.org\/reportorio\/advento\/canto.a.cristo.pdf\">Canto a Cristo (Aleluia)<\/a><\/li>\n<li>Ofert\u00f3rio:\u00a0<a href=\"http:\/\/coro.paroquiabaixadabanheira.org\/reportorio\/advento\/pao.e.vinho.apresentamos.pdf\">P\u00e3o e Vinho Apresentamos<\/a><a href=\"http:\/\/coro.paroquiabaixadabanheira.org\/reportorio\/ofertorio\/eu.creio.num.mundo.novo.pdf\"><br \/>\n<\/a><\/li>\n<li>Santo: <a href=\"http:\/\/coro.paroquiabaixadabanheira.org\/reportorio\/santo\/santo.pdf\">Santo<\/a><a href=\"http:\/\/coro.paroquiabaixadabanheira.org\/reportorio\/santo\/santo.j.paulo.abreu.pdf\"><br \/>\n<\/a><\/li>\n<li>Cordeiro:\u00a0<a href=\"http:\/\/coro.paroquiabaixadabanheira.org\/reportorio\/cordeiro\/cordeiro.cartageno.pdf\">Cordeiro (A. Cartageno)<\/a><a href=\"http:\/\/coro.paroquiabaixadabanheira.org\/reportorio\/cordeiro\/cordeiro.olindo.marques.pdf\"><br \/>\n<\/a><\/li>\n<li>Comunh\u00e3o:\u00a0<a href=\"http:\/\/coro.paroquiabaixadabanheira.org\/reportorio\/comunhao\/verbo.de.deus.pdf\">O Verbo de Deus<\/a><a href=\"http:\/\/cancioneiro.paroquia-sppv.pt\/04\/04.15_Eu_desejei_ardentemente.pdf\"><br \/>\n<\/a><\/li>\n<li>Ac\u00e7\u00e3o de Gra\u00e7as:\u00a0<a href=\"http:\/\/coro.paroquiabaixadabanheira.org\/reportorio\/diversos\/senhor.aqui.nos.tendes.pdf\">Senhor, Aqui nos Tendes<\/a><a href=\"http:\/\/coro.paroquiabaixadabanheira.org\/reportorio\/gracas\/nada.te.perturbe.pdf\"><br \/>\n<\/a><\/li>\n<li>Final:\u00a0\u00a0<a href=\"http:\/\/coro.paroquiabaixadabanheira.org\/reportorio\/diversos\/se.o.grao.de.trigo.pdf\">Se o Gr\u00e3o de Trigo<\/a><a href=\"http:\/\/coro.paroquiabaixadabanheira.org\/reportorio\/quaresma\/no.senhor.pus.a.minha.esperanca.pdf\"><br \/>\n<\/a><\/li>\n<\/ul>\n<p><strong>Para ensaiar:<\/strong><\/p>\n<ul>\n<li><a href=\"http:\/\/coro.paroquiabaixadabanheira.org\/reportorio\/diversos\/o.profeta.pdf\">O Profeta<\/a><\/li>\n<li><a href=\"http:\/\/coro.paroquiabaixadabanheira.org\/reportorio\/gracas\/gloria.a.deus.pdf\">Gl\u00f3ria a Deus<\/a><\/li>\n<\/ul>\n","protected":false},"excerpt":{"rendered":"<p>C\u00e2nticos para o Domingo XXXIII do Tempo Comum (Liturgia) Entrada: Venho Aqui, Meu Senhor\u00a0 M. Penitencial: Senhor, Tende Piedade Salmo :\u00a0\u00a097(98) Aleluia:\u00a0\u00a0Canto a Cristo (Aleluia) Ofert\u00f3rio:\u00a0P\u00e3o e Vinho Apresentamos Santo: Santo Cordeiro:\u00a0Cordeiro (A. Cartageno) Comunh\u00e3o:\u00a0O Verbo de Deus Ac\u00e7\u00e3o de &hellip;<\/p>\n<p class=\"read-more\"> <a class=\"more-link\" href=\"https:\/\/coro.paroquiabaixadabanheira.org\/?p=1245\"> <span class=\"screen-reader-text\">Domingo XXXIII do Tempo Comum<\/span> Read More &raquo;<\/a><\/p>\n","protected":false},"author":1,"featured_media":0,"comment_status":"open","ping_status":"open","sticky":false,"template":"","format":"standard","meta":{"footnotes":""},"categories":[3],"tags":[],"class_list":["post-1245","post","type-post","status-publish","format-standard","hentry","category-ensaios"],"_links":{"self":[{"href":"https:\/\/coro.paroquiabaixadabanheira.org\/index.php?rest_route=\/wp\/v2\/posts\/1245","targetHints":{"allow":["GET"]}}],"collection":[{"href":"https:\/\/coro.paroquiabaixadabanheira.org\/index.php?rest_route=\/wp\/v2\/posts"}],"about":[{"href":"https:\/\/coro.paroquiabaixadabanheira.org\/index.php?rest_route=\/wp\/v2\/types\/post"}],"author":[{"embeddable":true,"href":"https:\/\/coro.paroquiabaixadabanheira.org\/index.php?rest_route=\/wp\/v2\/users\/1"}],"replies":[{"embeddable":true,"href":"https:\/\/coro.paroquiabaixadabanheira.org\/index.php?rest_route=%2Fwp%2Fv2%2Fcomments&post=1245"}],"version-history":[{"count":1,"href":"https:\/\/coro.paroquiabaixadabanheira.org\/index.php?rest_route=\/wp\/v2\/posts\/1245\/revisions"}],"predecessor-version":[{"id":1246,"href":"https:\/\/coro.paroquiabaixadabanheira.org\/index.php?rest_route=\/wp\/v2\/posts\/1245\/revisions\/1246"}],"wp:attachment":[{"href":"https:\/\/coro.paroquiabaixadabanheira.org\/index.php?rest_route=%2Fwp%2Fv2%2Fmedia&parent=1245"}],"wp:term":[{"taxonomy":"category","embeddable":true,"href":"https:\/\/coro.paroquiabaixadabanheira.org\/index.php?rest_route=%2Fwp%2Fv2%2Fcategories&post=1245"},{"taxonomy":"post_tag","embeddable":true,"href":"https:\/\/coro.paroquiabaixadabanheira.org\/index.php?rest_route=%2Fwp%2Fv2%2Ftags&post=1245"}],"curies":[{"name":"wp","href":"https:\/\/api.w.org\/{rel}","templated":true}]}}