{"id":1274,"date":"2013-12-12T00:36:20","date_gmt":"2013-12-12T00:36:20","guid":{"rendered":"http:\/\/coro.paroquiabaixadabanheira.org\/?p=1274"},"modified":"2013-12-12T00:40:27","modified_gmt":"2013-12-12T00:40:27","slug":"domingo-iii-do-advento-5","status":"publish","type":"post","link":"https:\/\/coro.paroquiabaixadabanheira.org\/?p=1274","title":{"rendered":"Domingo III do Advento"},"content":{"rendered":"<p><strong>\u00a0 C\u00e2nticos para o Domingo III do\u00a0Advento &#8211; Ano A\u00a0(<a href=\"http:\/\/www.portal.ecclesia.pt\/ecclesiaout\/liturgia\/liturgia_site\/lit_dia\/ano_a\/ld_anoa_ver.asp?cod_ano_a=3\">Liturgia<\/a>)<\/strong><\/p>\n<ul>\n<li>Entrada:\u00a0<a href=\"http:\/\/coro.paroquiabaixadabanheira.org\/reportorio\/advento\/quando.o.profeta.chegar.pdf\">Quando o Profeta Chegar<\/a><\/li>\n<li>M. Penitencial: <a href=\"http:\/\/coro.paroquiabaixadabanheira.org\/reportorio\/penitencial\/senhor.tende.piedade.pdf\">Senhor, Tende Piedade<\/a><\/li>\n<li>Salmo :\u00a0 145(146)<\/li>\n<li><a href=\"http:\/\/coro.paroquiabaixadabanheira.org\/reportorio\/advento\/canto.a.cristo.pdf\">\u00a0<\/a>Aleluia:\u00a0\u00a0<a href=\"http:\/\/coro.paroquiabaixadabanheira.org\/reportorio\/advento\/canto.a.cristo.pdf\">Canto a Cristo<\/a><\/li>\n<li>Ofert\u00f3rio: <a href=\"http:\/\/coro.paroquiabaixadabanheira.org\/reportorio\/ofertorio\/vem.senhor.o.vem.senhor.pdf\">Vem Senhor, \u00f3 vem Senhor<\/a><\/li>\n<li>Santo:\u00a0<a href=\"http:\/\/coro.paroquiabaixadabanheira.org\/reportorio\/santo\/santo.leonel.claro.pdf\">Santo\u00a0(L.Claro)<\/a><\/li>\n<li>Cordeiro: <a href=\"http:\/\/coro.paroquiabaixadabanheira.org\/reportorio\/cordeiro\/cordeiro.olindo.marques.pdf\">Cordeiro (O. Marques)<\/a><\/li>\n<li>Comunh\u00e3o:<a href=\"http:\/\/coro.paroquiabaixadabanheira.org\/reportorio\/advento\/exulta.de.gozo.pdf\">Exulta de Gozo, Jerusal\u00e9m<\/a><\/li>\n<li>Ac\u00e7\u00e3o de Gra\u00e7as: <a href=\"http:\/\/coro.paroquiabaixadabanheira.org\/reportorio\/gracas\/nada.te.perturbe.pdf\">Nada Te Perturbe<\/a><\/li>\n<li>Final:\u00a0 <a href=\"http:\/\/coro.paroquiabaixadabanheira.org\/reportorio\/advento\/o.povo.jaz.pdf\">O Povo Jaz<\/a><a href=\"http:\/\/coro.paroquiabaixadabanheira.org\/reportorio\/diversos\/o.profeta.pdf\"><br \/>\n<\/a><\/li>\n<\/ul>\n<p>Trazer tamb\u00e9m<\/p>\n<ul>\n<li><a href=\"http:\/\/coro.paroquiabaixadabanheira.org\/reportorio\/comunhao\/pao.divino.pdf\">P\u00e3o Divino<\/a><\/li>\n<\/ul>\n<p>O ensaio n\u00e3o ser\u00e1 na igreja. Ser\u00e1 no sal\u00e3o ou na cave.<\/p>\n","protected":false},"excerpt":{"rendered":"<p>\u00a0 C\u00e2nticos para o Domingo III do\u00a0Advento &#8211; Ano A\u00a0(Liturgia) Entrada:\u00a0Quando o Profeta Chegar M. Penitencial: Senhor, Tende Piedade Salmo :\u00a0 145(146) \u00a0Aleluia:\u00a0\u00a0Canto a Cristo Ofert\u00f3rio: Vem Senhor, \u00f3 vem Senhor Santo:\u00a0Santo\u00a0(L.Claro) Cordeiro: Cordeiro (O. Marques) Comunh\u00e3o:Exulta de Gozo, Jerusal\u00e9m &hellip;<\/p>\n<p class=\"read-more\"> <a class=\"more-link\" href=\"https:\/\/coro.paroquiabaixadabanheira.org\/?p=1274\"> <span class=\"screen-reader-text\">Domingo III do Advento<\/span> Read More &raquo;<\/a><\/p>\n","protected":false},"author":3,"featured_media":0,"comment_status":"open","ping_status":"open","sticky":false,"template":"","format":"standard","meta":{"footnotes":""},"categories":[3],"tags":[],"class_list":["post-1274","post","type-post","status-publish","format-standard","hentry","category-ensaios"],"_links":{"self":[{"href":"https:\/\/coro.paroquiabaixadabanheira.org\/index.php?rest_route=\/wp\/v2\/posts\/1274","targetHints":{"allow":["GET"]}}],"collection":[{"href":"https:\/\/coro.paroquiabaixadabanheira.org\/index.php?rest_route=\/wp\/v2\/posts"}],"about":[{"href":"https:\/\/coro.paroquiabaixadabanheira.org\/index.php?rest_route=\/wp\/v2\/types\/post"}],"author":[{"embeddable":true,"href":"https:\/\/coro.paroquiabaixadabanheira.org\/index.php?rest_route=\/wp\/v2\/users\/3"}],"replies":[{"embeddable":true,"href":"https:\/\/coro.paroquiabaixadabanheira.org\/index.php?rest_route=%2Fwp%2Fv2%2Fcomments&post=1274"}],"version-history":[{"count":8,"href":"https:\/\/coro.paroquiabaixadabanheira.org\/index.php?rest_route=\/wp\/v2\/posts\/1274\/revisions"}],"predecessor-version":[{"id":1284,"href":"https:\/\/coro.paroquiabaixadabanheira.org\/index.php?rest_route=\/wp\/v2\/posts\/1274\/revisions\/1284"}],"wp:attachment":[{"href":"https:\/\/coro.paroquiabaixadabanheira.org\/index.php?rest_route=%2Fwp%2Fv2%2Fmedia&parent=1274"}],"wp:term":[{"taxonomy":"category","embeddable":true,"href":"https:\/\/coro.paroquiabaixadabanheira.org\/index.php?rest_route=%2Fwp%2Fv2%2Fcategories&post=1274"},{"taxonomy":"post_tag","embeddable":true,"href":"https:\/\/coro.paroquiabaixadabanheira.org\/index.php?rest_route=%2Fwp%2Fv2%2Ftags&post=1274"}],"curies":[{"name":"wp","href":"https:\/\/api.w.org\/{rel}","templated":true}]}}