{"id":1334,"date":"2014-02-05T14:49:02","date_gmt":"2014-02-05T14:49:02","guid":{"rendered":"http:\/\/coro.paroquiabaixadabanheira.org\/?p=1334"},"modified":"2014-02-05T14:49:02","modified_gmt":"2014-02-05T14:49:02","slug":"domingo-v-do-tempo-comum-4","status":"publish","type":"post","link":"https:\/\/coro.paroquiabaixadabanheira.org\/?p=1334","title":{"rendered":"Domingo V do Tempo Comum"},"content":{"rendered":"<p><strong>C\u00e2nticos para o Domingo V do Tempo Comum<\/strong>\u00a0(<a href=\"http:\/\/www.portal.ecclesia.pt\/ecclesiaout\/liturgia\/liturgia_site\/lit_dia\/ano_a\/ld_anoa_ver.asp?cod_ano_a=36\">Liturgia<\/a>)<\/p>\n<ul>\n<li>Entrada:\u00a0<a href=\"http:\/\/coro.paroquiabaixadabanheira.org\/reportorio\/gracas\/a.tua.palavra.pdf\">\u00c0 Tua Palavra<\/a>\u00a0<a href=\"http:\/\/coro.paroquiabaixadabanheira.org\/reportorio\/entrada\/senhor.quem.entrara.pdf\"><br \/>\n<\/a><\/li>\n<li>M. Penitencial: <a href=\"http:\/\/coro.paroquiabaixadabanheira.org\/reportorio\/penitencial\/senhor.tende.piedade.pdf\">Senhor, Tende Piedade<\/a><a href=\"http:\/\/coro.paroquiabaixadabanheira.org\/reportorio\/penitencial\/senhor.tende.piedade.3.pdf\"><br \/>\n<\/a><\/li>\n<li>Gl\u00f3ria:\u00a0<a href=\"http:\/\/coro.paroquiabaixadabanheira.org\/reportorio\/gloria\/gloria.a.deus.pdf\">Gloria a Deus<\/a><\/li>\n<li>Salmo: \u00a0111(112) &#8220;Para o homem recto nascer\u00e1 uma luz no meio das trevas.&#8221;<\/li>\n<li>Aleluia:\u00a0<a href=\"http:\/\/coro.paroquiabaixadabanheira.org\/reportorio\/aclama\/aleluia.junto.a.ti.pdf\">Aleluia, Junto a Ti<\/a><a href=\"http:\/\/coro.paroquiabaixadabanheira.org\/reportorio\/aclama\/aleluia.aleluia.aleluia.pdf\"><br \/>\n<\/a><\/li>\n<li>Ofert\u00f3rio:\u00a0<a href=\"http:\/\/coro.paroquiabaixadabanheira.org\/reportorio\/ofertorio\/oracao.santo.inacio.pdf\">Ora\u00e7\u00e3o de Santo In\u00e1cio<\/a><a href=\"http:\/\/coro.paroquiabaixadabanheira.org\/reportorio\/ofertorio\/meu.senhor.te.ofertamos.pdf\"><br \/>\n<\/a><\/li>\n<li>Santo:<a href=\"http:\/\/coro.paroquiabaixadabanheira.org\/reportorio\/santo\/santo.cartageno.pdf\">Santo cartageno<\/a><\/li>\n<li>Cordeiro:\u00a0<a href=\"http:\/\/coro.paroquiabaixadabanheira.org\/reportorio\/cordeiro\/cordeiro.aragues.pdf\">Cordeiro (T. Aragu\u00e8s)<\/a><a href=\"http:\/\/coro.paroquiabaixadabanheira.org\/reportorio\/cordeiro\/cordeiro.cartageno.pdf\"><br \/>\n<\/a><\/li>\n<li>Comunh\u00e3o:\u00a0\u00a0<a href=\"http:\/\/coro.paroquiabaixadabanheira.org\/reportorio\/diversos\/nada.temo.pdf\">Nada Temo<\/a><a href=\"http:\/\/coro.paroquiabaixadabanheira.org\/reportorio\/comunhao\/pao.divino.pdf\"><br \/>\n<\/a><\/li>\n<li>Final:\u00a0<a href=\"http:\/\/coro.paroquiabaixadabanheira.org\/reportorio\/diversos\/sim.eu.quero.pdf\">Sim Eu Quero<\/a><a href=\"http:\/\/coro.paroquiabaixadabanheira.org\/reportorio\/diversos\/o.senhor.e.meu.pastor.pdf\"><br \/>\n<\/a><\/li>\n<\/ul>\n<p>Para ensaiar:<\/p>\n<ul>\n<li><a href=\"http:\/\/coro.paroquiabaixadabanheira.org\/reportorio\/diversos\/sera.como.a.luz.do.meio.dia.pdf\">Ser\u00e1 Como a Luz do Meio Dia<\/a><\/li>\n<li><a href=\"http:\/\/coro.paroquiabaixadabanheira.org\/reportorio\/gracas\/somos.um.pdf\">Somos um<\/a><\/li>\n<\/ul>\n","protected":false},"excerpt":{"rendered":"<p>C\u00e2nticos para o Domingo V do Tempo Comum\u00a0(Liturgia) Entrada:\u00a0\u00c0 Tua Palavra\u00a0 M. Penitencial: Senhor, Tende Piedade Gl\u00f3ria:\u00a0Gloria a Deus Salmo: \u00a0111(112) &#8220;Para o homem recto nascer\u00e1 uma luz no meio das trevas.&#8221; Aleluia:\u00a0Aleluia, Junto a Ti Ofert\u00f3rio:\u00a0Ora\u00e7\u00e3o de Santo In\u00e1cio &hellip;<\/p>\n<p class=\"read-more\"> <a class=\"more-link\" href=\"https:\/\/coro.paroquiabaixadabanheira.org\/?p=1334\"> <span class=\"screen-reader-text\">Domingo V do Tempo Comum<\/span> Read More &raquo;<\/a><\/p>\n","protected":false},"author":1,"featured_media":0,"comment_status":"open","ping_status":"open","sticky":false,"template":"","format":"standard","meta":{"footnotes":""},"categories":[3],"tags":[],"class_list":["post-1334","post","type-post","status-publish","format-standard","hentry","category-ensaios"],"_links":{"self":[{"href":"https:\/\/coro.paroquiabaixadabanheira.org\/index.php?rest_route=\/wp\/v2\/posts\/1334","targetHints":{"allow":["GET"]}}],"collection":[{"href":"https:\/\/coro.paroquiabaixadabanheira.org\/index.php?rest_route=\/wp\/v2\/posts"}],"about":[{"href":"https:\/\/coro.paroquiabaixadabanheira.org\/index.php?rest_route=\/wp\/v2\/types\/post"}],"author":[{"embeddable":true,"href":"https:\/\/coro.paroquiabaixadabanheira.org\/index.php?rest_route=\/wp\/v2\/users\/1"}],"replies":[{"embeddable":true,"href":"https:\/\/coro.paroquiabaixadabanheira.org\/index.php?rest_route=%2Fwp%2Fv2%2Fcomments&post=1334"}],"version-history":[{"count":1,"href":"https:\/\/coro.paroquiabaixadabanheira.org\/index.php?rest_route=\/wp\/v2\/posts\/1334\/revisions"}],"predecessor-version":[{"id":1335,"href":"https:\/\/coro.paroquiabaixadabanheira.org\/index.php?rest_route=\/wp\/v2\/posts\/1334\/revisions\/1335"}],"wp:attachment":[{"href":"https:\/\/coro.paroquiabaixadabanheira.org\/index.php?rest_route=%2Fwp%2Fv2%2Fmedia&parent=1334"}],"wp:term":[{"taxonomy":"category","embeddable":true,"href":"https:\/\/coro.paroquiabaixadabanheira.org\/index.php?rest_route=%2Fwp%2Fv2%2Fcategories&post=1334"},{"taxonomy":"post_tag","embeddable":true,"href":"https:\/\/coro.paroquiabaixadabanheira.org\/index.php?rest_route=%2Fwp%2Fv2%2Ftags&post=1334"}],"curies":[{"name":"wp","href":"https:\/\/api.w.org\/{rel}","templated":true}]}}