{"id":1337,"date":"2014-02-12T17:48:32","date_gmt":"2014-02-12T17:48:32","guid":{"rendered":"http:\/\/coro.paroquiabaixadabanheira.org\/?p=1337"},"modified":"2014-02-12T17:48:32","modified_gmt":"2014-02-12T17:48:32","slug":"domingo-vi-do-tempo-comum-4","status":"publish","type":"post","link":"https:\/\/coro.paroquiabaixadabanheira.org\/?p=1337","title":{"rendered":"Domingo VI do Tempo Comum"},"content":{"rendered":"<p><strong>C\u00e2nticos para o Domingo VI do Tempo Comum<\/strong>\u00a0(<a href=\"http:\/\/www.portal.ecclesia.pt\/ecclesiaout\/liturgia\/liturgia_site\/lit_dia\/ano_a\/ld_anoa_ver.asp?cod_ano_a=37\">Liturgia<\/a>)<\/p>\n<ul>\n<li>Entrada:\u00a0<a href=\"http:\/\/coro.paroquiabaixadabanheira.org\/reportorio\/entrada\/jesus.esta.entre.nos.pdf\">Jesus Est\u00e1 Entre N\u00f3s<\/a><\/li>\n<li>M. Penitencial: <a href=\"http:\/\/coro.paroquiabaixadabanheira.org\/reportorio\/penitencial\/senhor.tende.piedade.2.pdf\">Senhor, Tende Piedade (T.Aragues)<\/a><\/li>\n<li>Salmo: \u00a0118(119) \u201cDitoso o que anda na lei do Senhor.\u201d<\/li>\n<li>Aleluia:\u00a0<a href=\"http:\/\/coro.paroquiabaixadabanheira.org\/reportorio\/aclama\/quero.sempre.viver.pdf\">Quero sempre viver<\/a><\/li>\n<li>Ofert\u00f3rio:\u00a0<a href=\"http:\/\/coro.paroquiabaixadabanheira.org\/reportorio\/ofertorio\/oracao.santo.inacio.pdf\">Ora\u00e7\u00e3o de Santo In\u00e1cio<\/a><\/li>\n<li>Santo:<a href=\"http:\/\/coro.paroquiabaixadabanheira.org\/reportorio\/santo\/santo.a.l.webber.pdf\">Santo\u00a0(A. Webber)<\/a><\/li>\n<li>Cordeiro:\u00a0<a href=\"http:\/\/coro.paroquiabaixadabanheira.org\/reportorio\/cordeiro\/cordeiro.aragues.pdf\">Cordeiro (T. Aragu\u00e8s)<\/a><\/li>\n<li>Comunh\u00e3o:\u00a0\u00a0<a href=\"http:\/\/coro.paroquiabaixadabanheira.org\/reportorio\/comunhao\/douvos.um.mandamento.novo.pdf\">Dou-vos um Mandamento Novo<\/a><\/li>\n<li>Final:\u00a0<a href=\"http:\/\/coro.paroquiabaixadabanheira.org\/reportorio\/diversos\/se.o.grao.de.trigo.pdf\">Se o Gr\u00e3o de Trigo<\/a><\/li>\n<\/ul>\n<p>Para ensaiar:<\/p>\n<ul>\n<li><a href=\"http:\/\/coro.paroquiabaixadabanheira.org\/reportorio\/diversos\/sera.como.a.luz.do.meio.dia.pdf\">Ser\u00e1 Como a Luz do Meio Dia<\/a><\/li>\n<li><a href=\"http:\/\/coro.paroquiabaixadabanheira.org\/reportorio\/gracas\/somos.um.pdf\">Somos um<\/a><\/li>\n<\/ul>\n","protected":false},"excerpt":{"rendered":"<p>C\u00e2nticos para o Domingo VI do Tempo Comum\u00a0(Liturgia) Entrada:\u00a0Jesus Est\u00e1 Entre N\u00f3s M. Penitencial: Senhor, Tende Piedade (T.Aragues) Salmo: \u00a0118(119) \u201cDitoso o que anda na lei do Senhor.\u201d Aleluia:\u00a0Quero sempre viver Ofert\u00f3rio:\u00a0Ora\u00e7\u00e3o de Santo In\u00e1cio Santo:Santo\u00a0(A. Webber) Cordeiro:\u00a0Cordeiro (T. Aragu\u00e8s) &hellip;<\/p>\n<p class=\"read-more\"> <a class=\"more-link\" href=\"https:\/\/coro.paroquiabaixadabanheira.org\/?p=1337\"> <span class=\"screen-reader-text\">Domingo VI do Tempo Comum<\/span> Read More &raquo;<\/a><\/p>\n","protected":false},"author":3,"featured_media":0,"comment_status":"open","ping_status":"open","sticky":false,"template":"","format":"standard","meta":{"footnotes":""},"categories":[3],"tags":[],"class_list":["post-1337","post","type-post","status-publish","format-standard","hentry","category-ensaios"],"_links":{"self":[{"href":"https:\/\/coro.paroquiabaixadabanheira.org\/index.php?rest_route=\/wp\/v2\/posts\/1337","targetHints":{"allow":["GET"]}}],"collection":[{"href":"https:\/\/coro.paroquiabaixadabanheira.org\/index.php?rest_route=\/wp\/v2\/posts"}],"about":[{"href":"https:\/\/coro.paroquiabaixadabanheira.org\/index.php?rest_route=\/wp\/v2\/types\/post"}],"author":[{"embeddable":true,"href":"https:\/\/coro.paroquiabaixadabanheira.org\/index.php?rest_route=\/wp\/v2\/users\/3"}],"replies":[{"embeddable":true,"href":"https:\/\/coro.paroquiabaixadabanheira.org\/index.php?rest_route=%2Fwp%2Fv2%2Fcomments&post=1337"}],"version-history":[{"count":2,"href":"https:\/\/coro.paroquiabaixadabanheira.org\/index.php?rest_route=\/wp\/v2\/posts\/1337\/revisions"}],"predecessor-version":[{"id":1339,"href":"https:\/\/coro.paroquiabaixadabanheira.org\/index.php?rest_route=\/wp\/v2\/posts\/1337\/revisions\/1339"}],"wp:attachment":[{"href":"https:\/\/coro.paroquiabaixadabanheira.org\/index.php?rest_route=%2Fwp%2Fv2%2Fmedia&parent=1337"}],"wp:term":[{"taxonomy":"category","embeddable":true,"href":"https:\/\/coro.paroquiabaixadabanheira.org\/index.php?rest_route=%2Fwp%2Fv2%2Fcategories&post=1337"},{"taxonomy":"post_tag","embeddable":true,"href":"https:\/\/coro.paroquiabaixadabanheira.org\/index.php?rest_route=%2Fwp%2Fv2%2Ftags&post=1337"}],"curies":[{"name":"wp","href":"https:\/\/api.w.org\/{rel}","templated":true}]}}