{"id":1372,"date":"2014-04-05T15:33:25","date_gmt":"2014-04-05T15:33:25","guid":{"rendered":"http:\/\/coro.paroquiabaixadabanheira.org\/?p=1372"},"modified":"2014-04-05T15:33:25","modified_gmt":"2014-04-05T15:33:25","slug":"ensaios-para-semana-santa-2","status":"publish","type":"post","link":"https:\/\/coro.paroquiabaixadabanheira.org\/?p=1372","title":{"rendered":"Ensaios para Semana Santa"},"content":{"rendered":"<p>Vamos come\u00e7ar os ensaios para a Semana Santa que ter\u00e3o lugar nos seguintes dias:<\/p>\n<ul>\n<li>Segunda\u00a007\/04\u00a0\u00a0(21h)<\/li>\n<li>Quarta\u00a009\/4 (21h)<\/li>\n<li>Sexta\u00a011\/4 Ensaio para Domingo de Ramos \u00e9 \u00e0s 21h. Para a semana santa \u00e9 as 22h<\/li>\n<li>S\u00e1bado (12\/04)\u00a0a Quarta\u00a016\/04 (21h)<\/li>\n<li>O ensaio do\u00a0dia <strong>15 e 16 de Abril \u00e9 na cave<\/strong><\/li>\n<li>Possivelmente ensaio s\u00f3 para os salmista na quinta (17\/04) \u00e0s 21h30.<\/li>\n<li>Sexta 18\/04 (15h30)<\/li>\n<\/ul>\n<p>&nbsp;<\/p>\n","protected":false},"excerpt":{"rendered":"<p>Vamos come\u00e7ar os ensaios para a Semana Santa que ter\u00e3o lugar nos seguintes dias: Segunda\u00a007\/04\u00a0\u00a0(21h) Quarta\u00a009\/4 (21h) Sexta\u00a011\/4 Ensaio para Domingo de Ramos \u00e9 \u00e0s 21h. Para a semana santa \u00e9 as 22h S\u00e1bado (12\/04)\u00a0a Quarta\u00a016\/04 (21h) O ensaio do\u00a0dia &hellip;<\/p>\n<p class=\"read-more\"> <a class=\"more-link\" href=\"https:\/\/coro.paroquiabaixadabanheira.org\/?p=1372\"> <span class=\"screen-reader-text\">Ensaios para Semana Santa<\/span> Read More &raquo;<\/a><\/p>\n","protected":false},"author":3,"featured_media":0,"comment_status":"open","ping_status":"open","sticky":false,"template":"","format":"standard","meta":{"footnotes":""},"categories":[4],"tags":[],"class_list":["post-1372","post","type-post","status-publish","format-standard","hentry","category-noticias"],"_links":{"self":[{"href":"https:\/\/coro.paroquiabaixadabanheira.org\/index.php?rest_route=\/wp\/v2\/posts\/1372","targetHints":{"allow":["GET"]}}],"collection":[{"href":"https:\/\/coro.paroquiabaixadabanheira.org\/index.php?rest_route=\/wp\/v2\/posts"}],"about":[{"href":"https:\/\/coro.paroquiabaixadabanheira.org\/index.php?rest_route=\/wp\/v2\/types\/post"}],"author":[{"embeddable":true,"href":"https:\/\/coro.paroquiabaixadabanheira.org\/index.php?rest_route=\/wp\/v2\/users\/3"}],"replies":[{"embeddable":true,"href":"https:\/\/coro.paroquiabaixadabanheira.org\/index.php?rest_route=%2Fwp%2Fv2%2Fcomments&post=1372"}],"version-history":[{"count":1,"href":"https:\/\/coro.paroquiabaixadabanheira.org\/index.php?rest_route=\/wp\/v2\/posts\/1372\/revisions"}],"predecessor-version":[{"id":1373,"href":"https:\/\/coro.paroquiabaixadabanheira.org\/index.php?rest_route=\/wp\/v2\/posts\/1372\/revisions\/1373"}],"wp:attachment":[{"href":"https:\/\/coro.paroquiabaixadabanheira.org\/index.php?rest_route=%2Fwp%2Fv2%2Fmedia&parent=1372"}],"wp:term":[{"taxonomy":"category","embeddable":true,"href":"https:\/\/coro.paroquiabaixadabanheira.org\/index.php?rest_route=%2Fwp%2Fv2%2Fcategories&post=1372"},{"taxonomy":"post_tag","embeddable":true,"href":"https:\/\/coro.paroquiabaixadabanheira.org\/index.php?rest_route=%2Fwp%2Fv2%2Ftags&post=1372"}],"curies":[{"name":"wp","href":"https:\/\/api.w.org\/{rel}","templated":true}]}}