{"id":1374,"date":"2014-04-05T16:30:24","date_gmt":"2014-04-05T16:30:24","guid":{"rendered":"http:\/\/coro.paroquiabaixadabanheira.org\/?p=1374"},"modified":"2014-04-05T16:30:24","modified_gmt":"2014-04-05T16:30:24","slug":"canticos-para-a-semana-santa-8","status":"publish","type":"post","link":"https:\/\/coro.paroquiabaixadabanheira.org\/?p=1374","title":{"rendered":"C\u00e2nticos para a Semana Santa"},"content":{"rendered":"<h4>C\u00e2nticos para o Domingo De Ramos na Paix\u00e3o do Senhor (<a href=\"http:\/\/www.portal.ecclesia.pt\/ecclesiaout\/liturgia\/liturgia_site\/lit_dia\/ano_a\/ld_anoa_ver.asp?cod_ano_a=20\">Liturgia<\/a>)<\/h4>\n<ul>\n<li>Entrada:\u00a0<a href=\"http:\/\/coro.paroquiabaixadabanheira.org\/reportorio\/diversos\/hossana.pdf\">Hossana nas Alturas<\/a><\/li>\n<li>M. Penitencial:\u00a0<a href=\"http:\/\/coro.paroquiabaixadabanheira.org\/reportorio\/penitencial\/senhor.tende.piedade.3.pdf\">Senhor, Tende Piedade de N\u00f3s (M. Alentejana)<\/a><\/li>\n<li>Salmo:\u00a0<a href=\"http:\/\/coro.paroquiabaixadabanheira.org\/reportorio\/salmos\/quaresma.ramos.salmo.021.022.pdf\">Salmo 21(22)<\/a><\/li>\n<li>Aclama\u00e7\u00e3o da Palavra:<strong>\u00a0<\/strong><a href=\"http:\/\/coro.paroquiabaixadabanheira.org\/reportorio\/aclama\/louvor.a.vos.a.pdf\">Louvor a V\u00f3s<\/a><\/li>\n<li>Credo: <a href=\"http:\/\/coro.paroquiabaixadabanheira.org\/reportorio\/credo\/creio.em.deus.cartageno.pdf\">S\u00edmbolos dos Ap\u00f3stolos<\/a><\/li>\n<li>Ofert\u00f3rio:\u00a0<a href=\"http:\/\/coro.paroquiabaixadabanheira.org\/reportorio\/diversos\/a.decisao.e.tua.pdf\">A decis\u00e3o \u00e9 tua<\/a><\/li>\n<li>Santo: <a href=\"http:\/\/coro.paroquiabaixadabanheira.org\/reportorio\/santo\/santo.f.silva.pdf\">Santo (F. Silva)<\/a><\/li>\n<li>Cordeiro:\u00a0<a href=\"http:\/\/coro.paroquiabaixadabanheira.org\/reportorio\/cordeiro\/cordeiro.olindo.marques.pdf\">Cordeiro (Olindo Marques)<\/a><\/li>\n<li>Comunh\u00e3o:\u00a0<a href=\"http:\/\/coro.paroquiabaixadabanheira.org\/reportorio\/comunhao\/meu.pao.sagrado.pdf\">Meu P\u00e3o Sagrado<\/a><\/li>\n<li>Final:<a href=\"http:\/\/coro.paroquiabaixadabanheira.org\/reportorio\/quaresma\/caminha.povo.de.deus.pdf\">Caminha Povo de Deus<\/a><\/li>\n<\/ul>\n<h4>C\u00e2nticos para Quinta-feira Santa (<a href=\"http:\/\/www.portal.ecclesia.pt\/ecclesiaout\/liturgia\/liturgia_site\/lit_dia\/ano_a\/ld_anoa_ver.asp?cod_ano_a=21\"><span style=\"color: #0000ff;\">Liturgia<\/span><\/a>)<\/h4>\n<ul>\n<li>Entrada:\u00a0<a href=\"http:\/\/coro.paroquiabaixadabanheira.org\/reportorio\/entrada\/deus.e.teu.amigo.pdf\">Deus \u00e9 Teu Amigo<\/a><\/li>\n<li>Momento Penitencial:\u00a0<a href=\"http:\/\/coro.paroquiabaixadabanheira.org\/reportorio\/penitencial\/tende.compaixao.pdf\">Tende Compaix\u00e3o<\/a><\/li>\n<li>Gl\u00f3ria:\u00a0<a href=\"http:\/\/coro.paroquiabaixadabanheira.org\/reportorio\/gloria\/gloria.a.deus.pdf\">Gl\u00f3ria a Deus<\/a><\/li>\n<li>Salmo:\u00a0<a href=\"http:\/\/coro.paroquiabaixadabanheira.org\/reportorio\/salmos\/quaresma.quinta.salmo.115.116.pdf\">Salmo 115,116<\/a><\/li>\n<li>Aclama\u00e7\u00e3o da Palavra:\u00a0<a href=\"http:\/\/coro.paroquiabaixadabanheira.org\/reportorio\/aclama\/louvor.a.vos.a.pdf\">Louvor a V\u00f3s<\/a><\/li>\n<li>Lava-P\u00e9s:\u00a0<a href=\"http:\/\/coro.paroquiabaixadabanheira.org\/reportorio\/quaresma\/douvos.um.mandamento.novo.pdf\">Dou-vos um Mandamento Novo<\/a><\/li>\n<li>Ofert\u00f3rio:\u00a0<a href=\"http:\/\/coro.paroquiabaixadabanheira.org\/reportorio\/ofertorio\/ubi.caritas.pdf\">Ubi Caritas<\/a><\/li>\n<li>Santo:\u00a0<a href=\"http:\/\/coro.paroquiabaixadabanheira.org\/reportorio\/santo\/santo.cartageno.pdf\">Santo cartageno<\/a><\/li>\n<li>Paz\/Cordeiro:\u00a0<a href=\"http:\/\/coro.paroquiabaixadabanheira.org\/reportorio\/cordeiro\/cordeiro.cartageno.pdf\">Cordeiro (A. Cartageno)<\/a><\/li>\n<li>Comunh\u00e3o:\u00a0<a href=\"http:\/\/coro.paroquiabaixadabanheira.org\/reportorio\/comunhao\/santos.anjos.e.arcanjos.pdf\">Santos Anjos e Arcanjos<\/a><\/li>\n<li>Prociss\u00e3o do Sant\u00edssimo:\u00a0<a href=\"http:\/\/coro.paroquiabaixadabanheira.org\/reportorio\/quaresma\/pange.lingua.pdf\">Pange Lingua<\/a><\/li>\n<\/ul>\n<h4>C\u00e2nticos para Sexta-feira Santa (<a href=\"http:\/\/www.portal.ecclesia.pt\/ecclesiaout\/liturgia\/liturgia_site\/lit_dia\/ano_a\/ld_anoa_ver.asp?cod_ano_a=22\">Liturgia<\/a>)<\/h4>\n<ul>\n<li>Entrada: (Em sil\u00eancio)<\/li>\n<li>Salmo:\u00a0<a href=\"http:\/\/coro.paroquiabaixadabanheira.org\/reportorio\/salmos\/quaresma.sexta.salmo.030.031.pdf\">Salmo 30,31<\/a><\/li>\n<li>Aclama\u00e7\u00e3o da Palavra:\u00a0<a href=\"http:\/\/coro.paroquiabaixadabanheira.org\/reportorio\/aclama\/louvor.a.vos.a.pdf\">Louvor a V\u00f3s<\/a><\/li>\n<li>Adora\u00e7\u00e3o da Cruz:\u00a0<a href=\"http:\/\/coro.paroquiabaixadabanheira.org\/reportorio\/quaresma\/eis.o.madeiro.da.cruz.pdf\">Eis o Madeiro da Cruz<\/a><\/li>\n<li>Adora\u00e7\u00e3o da Cruz:\u00a0<a href=\"http:\/\/coro.paroquiabaixadabanheira.org\/reportorio\/quaresma\/per.crucem.pdf\">Per Crucem (Taize)<\/a><\/li>\n<li>Adora\u00e7\u00e3o da Cruz:\u00a0<a href=\"http:\/\/coro.paroquiabaixadabanheira.org\/reportorio\/quaresma\/povo.meu.que.te.fiz.eu.pdf\">Povo Meu, Que Te Fiz Eu<\/a><\/li>\n<li>Adora\u00e7\u00e3o da Cruz:\u00a0<a href=\"http:\/\/coro.paroquiabaixadabanheira.org\/reportorio\/quaresma\/por.nosso.amor.pdf\">Por Nosso Amor<\/a><\/li>\n<li>Comunh\u00e3o:\u00a0<a href=\"http:\/\/coro.paroquiabaixadabanheira.org\/reportorio\/diversos\/adoramus.te.o.christe.pdf\">Adoramus Te O Christe<\/a><\/li>\n<\/ul>\n","protected":false},"excerpt":{"rendered":"<p>C\u00e2nticos para o Domingo De Ramos na Paix\u00e3o do Senhor (Liturgia) Entrada:\u00a0Hossana nas Alturas M. Penitencial:\u00a0Senhor, Tende Piedade de N\u00f3s (M. Alentejana) Salmo:\u00a0Salmo 21(22) Aclama\u00e7\u00e3o da Palavra:\u00a0Louvor a V\u00f3s Credo: S\u00edmbolos dos Ap\u00f3stolos Ofert\u00f3rio:\u00a0A decis\u00e3o \u00e9 tua Santo: Santo (F. &hellip;<\/p>\n<p class=\"read-more\"> <a class=\"more-link\" href=\"https:\/\/coro.paroquiabaixadabanheira.org\/?p=1374\"> <span class=\"screen-reader-text\">C\u00e2nticos para a Semana Santa<\/span> Read More &raquo;<\/a><\/p>\n","protected":false},"author":3,"featured_media":0,"comment_status":"open","ping_status":"open","sticky":false,"template":"","format":"standard","meta":{"footnotes":""},"categories":[3],"tags":[],"class_list":["post-1374","post","type-post","status-publish","format-standard","hentry","category-ensaios"],"_links":{"self":[{"href":"https:\/\/coro.paroquiabaixadabanheira.org\/index.php?rest_route=\/wp\/v2\/posts\/1374","targetHints":{"allow":["GET"]}}],"collection":[{"href":"https:\/\/coro.paroquiabaixadabanheira.org\/index.php?rest_route=\/wp\/v2\/posts"}],"about":[{"href":"https:\/\/coro.paroquiabaixadabanheira.org\/index.php?rest_route=\/wp\/v2\/types\/post"}],"author":[{"embeddable":true,"href":"https:\/\/coro.paroquiabaixadabanheira.org\/index.php?rest_route=\/wp\/v2\/users\/3"}],"replies":[{"embeddable":true,"href":"https:\/\/coro.paroquiabaixadabanheira.org\/index.php?rest_route=%2Fwp%2Fv2%2Fcomments&post=1374"}],"version-history":[{"count":3,"href":"https:\/\/coro.paroquiabaixadabanheira.org\/index.php?rest_route=\/wp\/v2\/posts\/1374\/revisions"}],"predecessor-version":[{"id":1377,"href":"https:\/\/coro.paroquiabaixadabanheira.org\/index.php?rest_route=\/wp\/v2\/posts\/1374\/revisions\/1377"}],"wp:attachment":[{"href":"https:\/\/coro.paroquiabaixadabanheira.org\/index.php?rest_route=%2Fwp%2Fv2%2Fmedia&parent=1374"}],"wp:term":[{"taxonomy":"category","embeddable":true,"href":"https:\/\/coro.paroquiabaixadabanheira.org\/index.php?rest_route=%2Fwp%2Fv2%2Fcategories&post=1374"},{"taxonomy":"post_tag","embeddable":true,"href":"https:\/\/coro.paroquiabaixadabanheira.org\/index.php?rest_route=%2Fwp%2Fv2%2Ftags&post=1374"}],"curies":[{"name":"wp","href":"https:\/\/api.w.org\/{rel}","templated":true}]}}