{"id":1378,"date":"2014-04-11T00:07:18","date_gmt":"2014-04-11T00:07:18","guid":{"rendered":"http:\/\/coro.paroquiabaixadabanheira.org\/?p=1378"},"modified":"2014-04-11T00:07:35","modified_gmt":"2014-04-11T00:07:35","slug":"vigilia-pascal-2","status":"publish","type":"post","link":"https:\/\/coro.paroquiabaixadabanheira.org\/?p=1378","title":{"rendered":"V\u00edgilia Pascal"},"content":{"rendered":"<h4>C\u00e2nticos para a V\u00edgilia Pascal (<a href=\"http:\/\/www.portal.ecclesia.pt\/ecclesiaout\/liturgia\/liturgia_site\/lit_dia\/ano_a\/ld_anoa_ver.asp?cod_ano_a=23\">Liturgia<\/a>)<\/h4>\n<p>Celebra\u00e7\u00e3o da Luz<\/p>\n<ul>\n<li>Entrada da Luz:\u00a0<a href=\"http:\/\/coro.paroquiabaixadabanheira.org\/reportorio\/pascoa\/eis.a.luz.de.cristo.pdf\">Eis a Luz de Cristo<\/a><\/li>\n<li>Entrada da Luz:\u00a0<a title=\"Taiz\u00e9\" href=\"http:\/\/coro.paroquiabaixadabanheira.org\/reportorio\/diversos\/senhor.jesus.pdf\">Senhor Jesus, Tu \u00c9s Luz do Mundo<\/a><\/li>\n<li>An\u00fancio da P\u00e1scoa:\u00a0<a href=\"http:\/\/coro.paroquiabaixadabanheira.org\/reportorio\/pascoa\/preconio.pdf\">Preg\u00e3o Pascal<\/a><\/li>\n<\/ul>\n<p>Celebra\u00e7\u00e3o da Palavra<\/p>\n<ul>\n<li>Salmo 1:\u00a0<a href=\"http:\/\/coro.paroquiabaixadabanheira.org\/reportorio\/salmos\/vigilia.pascal.salmo.032.033.pdf\">Salmo 32\u201333<\/a><\/li>\n<li>Salmo 2: 15 (16) &#8220;Defendei-me, senhor: V\u00f3s sois o meu refugio&#8221;<\/li>\n<li>Salmo 3:\u00a0<a href=\"http:\/\/coro.paroquiabaixadabanheira.org\/reportorio\/salmos\/vigilia.pascal.exodo.15.pdf\">Ex\u00f4do 15<\/a><\/li>\n<li>Salmo 4: 29 (30) &#8221; Eu vos glorifico, Senhor, porque me salvastes.&#8221;<\/li>\n<li>Salmo 5: Is. 12 &#8220;Das fontes da salva\u00e7\u00e3o, saciai-vos na alegria.&#8221;<\/li>\n<li>Salmo 6: 18 (19) &#8220;Senhor, V\u00f3s tendes palavras de vida eterna&#8221;<\/li>\n<li>Salmo 7:\u00a0<a href=\"http:\/\/coro.paroquiabaixadabanheira.org\/reportorio\/salmos\/vigilia.pascal.salmo.041.pdf\">Salmo 41<\/a><\/li>\n<li>Gl\u00f3ria:\u00a0<a href=\"http:\/\/coro.paroquiabaixadabanheira.org\/reportorio\/gloria\/gloria.a.deus.pdf\">Gl\u00f3ria a Deus<\/a><\/li>\n<li>Aleluia:\u00a0<a href=\"http:\/\/coro.paroquiabaixadabanheira.org\/reportorio\/pascoa\/aleluia.pascal.vigilia.pdf\">Aleluia Pascal \u2013 Vigilia<\/a><\/li>\n<li>Ap\u00f3s o Evangelho:\u00a0<a href=\"http:\/\/coro.paroquiabaixadabanheira.org\/reportorio\/pascoa\/ressuscitou.pdf\">Resssuscitou<\/a><\/li>\n<\/ul>\n<p>Celebra\u00e7\u00e3o da \u00c1gua (Baptismos)<\/p>\n<ul>\n<li>Ladainhas:\u00a0<a href=\"http:\/\/coro.paroquiabaixadabanheira.org\/reportorio\/pascoa\/ladainhas.pdf\">Ladainhas<\/a><\/li>\n<li>Baptismos:\u00a0<a href=\"http:\/\/coro.paroquiabaixadabanheira.org\/reportorio\/quaresma\/bendiz.a.minha.alma.o.senhor.pdf\">Bendiz a Minha Alma o Senhor<\/a><\/li>\n<li>Baptismos: <a title=\"Taiz\u00e9\" href=\"http:\/\/coro.paroquiabaixadabanheira.org\/reportorio\/baptismo\/tu.es.fonte.de.vida.pdf\">Tu \u00c9s Fonte de Vida<\/a><\/li>\n<li>Baptismos: <a href=\"http:\/\/coro.paroquiabaixadabanheira.org\/reportorio\/baptismo\/vos.que.fostes.baptizados.pdf\">V\u00f3s que Fostes Baptizados<\/a><\/li>\n<\/ul>\n<p>Celebra\u00e7\u00e3o da Eucaristia<\/p>\n<ul>\n<li>Ofert\u00f3rio: <a href=\"http:\/\/coro.paroquiabaixadabanheira.org\/reportorio\/pascoa\/cantai.aleluias.pdf\">Cantai Aleluias<\/a><\/li>\n<li>Santo:\u00a0<a href=\"http:\/\/coro.paroquiabaixadabanheira.org\/reportorio\/santo\/santo.psallite.pdf\">Santo (Ac\u00edlio Mendes)<\/a><\/li>\n<li>Pai-Nosso:\u00a0<a href=\"http:\/\/coro.paroquiabaixadabanheira.org\/reportorio\/painosso\/pai.nosso.2.vozes.pdf\">Pai Nosso (L. Almeida)<\/a><\/li>\n<li>Paz\/Cordeiro: <a href=\"http:\/\/coro.paroquiabaixadabanheira.org\/reportorio\/paz\/shalom.para.ti.pdf\">Shalom Para Ti<\/a><\/li>\n<li>Comunh\u00e3o: <a href=\"http:\/\/coro.paroquiabaixadabanheira.org\/reportorio\/pascoa\/como.o.grao.de.semente.pdf\">Como o Gr\u00e3o de Semente<\/a><\/li>\n<li>Final: <a href=\"http:\/\/coro.paroquiabaixadabanheira.org\/reportorio\/pascoa\/porque.ele.vive.pdf\">Porque Ele Vive<\/a><\/li>\n<\/ul>\n<h4>C\u00e2nticos para o Domingo de P\u00e1scoa (<a href=\"http:\/\/www.portal.ecclesia.pt\/ecclesiaout\/liturgia\/liturgia_site\/lit_dia\/ano_a\/ld_anoa_ver.asp?cod_ano_a=24\">Liturgia<\/a>)<\/h4>\n<ul>\n<li>Entrada: <a href=\"http:\/\/coro.paroquiabaixadabanheira.org\/reportorio\/pascoa\/jesus.cristo.venceu.a.morte.pdf\">Jesus Cristo Venceu a Morte<\/a><\/li>\n<li>M. Penitencial: <a href=\"http:\/\/coro.paroquiabaixadabanheira.org\/reportorio\/penitencial\/senhor.tende.piedade.2.pdf\">Senhor, Tende Piedade\u00a0(Tom\u00e1s de Aragues)<\/a><\/li>\n<li>Gl\u00f3ria:\u00a0<a href=\"http:\/\/coro.paroquiabaixadabanheira.org\/reportorio\/gloria\/gloria.a.deus.pdf\">Gl\u00f3ria<\/a><\/li>\n<li>Salmo:\u00a0<a href=\"http:\/\/coro.paroquiabaixadabanheira.org\/reportorio\/salmos\/pascoa.01.salmo.117.118.pdf\">Salmo 117\u2013118<\/a><\/li>\n<li>Aleluia:\u00a0<a href=\"http:\/\/coro.paroquiabaixadabanheira.org\/reportorio\/pascoa\/aleluia.pascal.pdf\">Aleluia Pascal<\/a><\/li>\n<li>Ofert\u00f3rio: <a href=\"http:\/\/coro.paroquiabaixadabanheira.org\/reportorio\/pascoa\/cantai.aleluias.pdf\">Cantai Aleluias<\/a><\/li>\n<li>Santo:\u00a0<a href=\"http:\/\/coro.paroquiabaixadabanheira.org\/reportorio\/santo\/santo.psallite.pdf\">Santo (Ac\u00edlio Mendes)<\/a><\/li>\n<li>Pai-Nosso: <a href=\"http:\/\/coro.paroquiabaixadabanheira.org\/reportorio\/painosso\/pai.nosso.2.vozes.pdf\">Pai Nosso (L. Almeida)<\/a><\/li>\n<li>Paz\/Cordeiro: <a href=\"http:\/\/coro.paroquiabaixadabanheira.org\/reportorio\/paz\/shalom.para.ti.pdf\">Shalom Para Ti<\/a><\/li>\n<li>Comunh\u00e3o: <a href=\"http:\/\/coro.paroquiabaixadabanheira.org\/reportorio\/pascoa\/como.o.grao.de.semente.pdf\">Como o Gr\u00e3o de Semente<\/a><\/li>\n<li>Final:\u00a0<a href=\"http:\/\/coro.paroquiabaixadabanheira.org\/reportorio\/pascoa\/ressuscitou.pdf\">Resssuscitou<\/a><\/li>\n<\/ul>\n","protected":false},"excerpt":{"rendered":"<p>C\u00e2nticos para a V\u00edgilia Pascal (Liturgia) Celebra\u00e7\u00e3o da Luz Entrada da Luz:\u00a0Eis a Luz de Cristo Entrada da Luz:\u00a0Senhor Jesus, Tu \u00c9s Luz do Mundo An\u00fancio da P\u00e1scoa:\u00a0Preg\u00e3o Pascal Celebra\u00e7\u00e3o da Palavra Salmo 1:\u00a0Salmo 32\u201333 Salmo 2: 15 (16) &#8220;Defendei-me, &hellip;<\/p>\n<p class=\"read-more\"> <a class=\"more-link\" href=\"https:\/\/coro.paroquiabaixadabanheira.org\/?p=1378\"> <span class=\"screen-reader-text\">V\u00edgilia Pascal<\/span> Read More &raquo;<\/a><\/p>\n","protected":false},"author":3,"featured_media":0,"comment_status":"open","ping_status":"open","sticky":false,"template":"","format":"standard","meta":{"footnotes":""},"categories":[3],"tags":[],"class_list":["post-1378","post","type-post","status-publish","format-standard","hentry","category-ensaios"],"_links":{"self":[{"href":"https:\/\/coro.paroquiabaixadabanheira.org\/index.php?rest_route=\/wp\/v2\/posts\/1378","targetHints":{"allow":["GET"]}}],"collection":[{"href":"https:\/\/coro.paroquiabaixadabanheira.org\/index.php?rest_route=\/wp\/v2\/posts"}],"about":[{"href":"https:\/\/coro.paroquiabaixadabanheira.org\/index.php?rest_route=\/wp\/v2\/types\/post"}],"author":[{"embeddable":true,"href":"https:\/\/coro.paroquiabaixadabanheira.org\/index.php?rest_route=\/wp\/v2\/users\/3"}],"replies":[{"embeddable":true,"href":"https:\/\/coro.paroquiabaixadabanheira.org\/index.php?rest_route=%2Fwp%2Fv2%2Fcomments&post=1378"}],"version-history":[{"count":2,"href":"https:\/\/coro.paroquiabaixadabanheira.org\/index.php?rest_route=\/wp\/v2\/posts\/1378\/revisions"}],"predecessor-version":[{"id":1380,"href":"https:\/\/coro.paroquiabaixadabanheira.org\/index.php?rest_route=\/wp\/v2\/posts\/1378\/revisions\/1380"}],"wp:attachment":[{"href":"https:\/\/coro.paroquiabaixadabanheira.org\/index.php?rest_route=%2Fwp%2Fv2%2Fmedia&parent=1378"}],"wp:term":[{"taxonomy":"category","embeddable":true,"href":"https:\/\/coro.paroquiabaixadabanheira.org\/index.php?rest_route=%2Fwp%2Fv2%2Fcategories&post=1378"},{"taxonomy":"post_tag","embeddable":true,"href":"https:\/\/coro.paroquiabaixadabanheira.org\/index.php?rest_route=%2Fwp%2Fv2%2Ftags&post=1378"}],"curies":[{"name":"wp","href":"https:\/\/api.w.org\/{rel}","templated":true}]}}