{"id":1396,"date":"2014-05-14T22:40:44","date_gmt":"2014-05-14T22:40:44","guid":{"rendered":"http:\/\/coro.paroquiabaixadabanheira.org\/?p=1396"},"modified":"2014-05-14T22:40:44","modified_gmt":"2014-05-14T22:40:44","slug":"domingo-v-da-pascoa-4","status":"publish","type":"post","link":"https:\/\/coro.paroquiabaixadabanheira.org\/?p=1396","title":{"rendered":"Domingo V da P\u00e1scoa"},"content":{"rendered":"<h4>C\u00e2nticos para o V Domingo\u00a0da P\u00e1scoa &#8211; Ano A (<a href=\"http:\/\/www.portal.ecclesia.pt\/ecclesiaout\/liturgia\/liturgia_site\/lit_dia\/ano_a\/ld_anoa_ver.asp?cod_ano_a=28\">Liturgia<\/a>)<\/h4>\n<p><strong>Baptismos e 1\u00aa Comunh\u00f5es do 3\u00ba Ano<\/strong><\/p>\n<p>Entrada:\u00a0<a href=\"http:\/\/coro.paroquiabaixadabanheira.org\/reportorio\/entrada\/senhor.jesus.nos.vamos.a.ti.pdf\">Senhor Jesus N\u00f3s Vamos a Ti<\/a><br \/>\nM. Penit\u00eancial: (V\u00eade Senhor &#8211; cantado pelas crian\u00e7as)<br \/>\nGl\u00f3ria:\u00a0<a href=\"http:\/\/coro.paroquiabaixadabanheira.org\/reportorio\/gloria\/gloria.a.deus.pdf\">Gl\u00f3ria<\/a><br \/>\nSalmo: 32(33) &#8220;Esperamos, Senhor, na vossa miseric\u00f3rdia: que ela venha sobre n\u00f3s&#8221;<br \/>\nAleluia:\u00a0<a href=\"http:\/\/coro.paroquiabaixadabanheira.org\/reportorio\/pascoa\/aleluia.pascal.pdf\">Aleluia Pascal<\/a><br \/>\nBaptismos:\u00a0<strong><\/strong><a href=\"http:\/\/coro.paroquiabaixadabanheira.org\/reportorio\/diversos\/doce.e.sentir.pdf\">Doce \u00e9 Sentir<br \/>\n<\/a>Baptismos:\u00a0\u00a0<strong><\/strong><a href=\"http:\/\/coro.paroquiabaixadabanheira.org\/reportorio\/baptismo\/tu.es.fonte.de.vida.pdf\">Tu \u00c9s Fonte de Vida<\/a><br \/>\nBaptismos: <a href=\"http:\/\/coro.paroquiabaixadabanheira.org\/reportorio\/diversos\/senhor.jesus.pdf\">Senhor Jesus<\/a><br \/>\nOfert\u00f3rio:\u00a0<a href=\"http:\/\/coro.paroquiabaixadabanheira.org\/reportorio\/ofertorio\/eu.creio.num.mundo.novo.pdf\">Eu Creio num Mundo Novo<br \/>\n<\/a>Santo: <a href=\"http:\/\/coro.paroquiabaixadabanheira.org\/reportorio\/santo\/santo.africano.pdf\">Santo Africano<\/a><br \/>\nCordeiro:\u00a0<a href=\"http:\/\/coro.paroquiabaixadabanheira.org\/reportorio\/cordeiro\/proclama.o.teu.senhor.pdf\">Proclama o teu senhor<br \/>\n<\/a>Comunh\u00e3o:\u00a0<a href=\"http:\/\/cancioneiro.paroquia-sppv.pt\/04\/04.15_Eu_desejei_ardentemente.pdf\">Eu Desejei Ardentemente<br \/>\n<\/a>Ac\u00e7\u00e3o de Gra\u00e7as: (Ave Maria &#8211; cantado pelas crian\u00e7as)<br \/>\nFinal:\u00a0<a href=\"http:\/\/coro.paroquiabaixadabanheira.org\/reportorio\/gracas\/somos.um.pdf\">Somos um<\/a><\/p>\n<p>&nbsp;<\/p>\n","protected":false},"excerpt":{"rendered":"<p>C\u00e2nticos para o V Domingo\u00a0da P\u00e1scoa &#8211; Ano A (Liturgia) Baptismos e 1\u00aa Comunh\u00f5es do 3\u00ba Ano Entrada:\u00a0Senhor Jesus N\u00f3s Vamos a Ti M. Penit\u00eancial: (V\u00eade Senhor &#8211; cantado pelas crian\u00e7as) Gl\u00f3ria:\u00a0Gl\u00f3ria Salmo: 32(33) &#8220;Esperamos, Senhor, na vossa miseric\u00f3rdia: que &hellip;<\/p>\n<p class=\"read-more\"> <a class=\"more-link\" href=\"https:\/\/coro.paroquiabaixadabanheira.org\/?p=1396\"> <span class=\"screen-reader-text\">Domingo V da P\u00e1scoa<\/span> Read More &raquo;<\/a><\/p>\n","protected":false},"author":1,"featured_media":0,"comment_status":"open","ping_status":"open","sticky":false,"template":"","format":"standard","meta":{"footnotes":""},"categories":[3],"tags":[],"class_list":["post-1396","post","type-post","status-publish","format-standard","hentry","category-ensaios"],"_links":{"self":[{"href":"https:\/\/coro.paroquiabaixadabanheira.org\/index.php?rest_route=\/wp\/v2\/posts\/1396","targetHints":{"allow":["GET"]}}],"collection":[{"href":"https:\/\/coro.paroquiabaixadabanheira.org\/index.php?rest_route=\/wp\/v2\/posts"}],"about":[{"href":"https:\/\/coro.paroquiabaixadabanheira.org\/index.php?rest_route=\/wp\/v2\/types\/post"}],"author":[{"embeddable":true,"href":"https:\/\/coro.paroquiabaixadabanheira.org\/index.php?rest_route=\/wp\/v2\/users\/1"}],"replies":[{"embeddable":true,"href":"https:\/\/coro.paroquiabaixadabanheira.org\/index.php?rest_route=%2Fwp%2Fv2%2Fcomments&post=1396"}],"version-history":[{"count":2,"href":"https:\/\/coro.paroquiabaixadabanheira.org\/index.php?rest_route=\/wp\/v2\/posts\/1396\/revisions"}],"predecessor-version":[{"id":1398,"href":"https:\/\/coro.paroquiabaixadabanheira.org\/index.php?rest_route=\/wp\/v2\/posts\/1396\/revisions\/1398"}],"wp:attachment":[{"href":"https:\/\/coro.paroquiabaixadabanheira.org\/index.php?rest_route=%2Fwp%2Fv2%2Fmedia&parent=1396"}],"wp:term":[{"taxonomy":"category","embeddable":true,"href":"https:\/\/coro.paroquiabaixadabanheira.org\/index.php?rest_route=%2Fwp%2Fv2%2Fcategories&post=1396"},{"taxonomy":"post_tag","embeddable":true,"href":"https:\/\/coro.paroquiabaixadabanheira.org\/index.php?rest_route=%2Fwp%2Fv2%2Ftags&post=1396"}],"curies":[{"name":"wp","href":"https:\/\/api.w.org\/{rel}","templated":true}]}}