{"id":1478,"date":"2014-10-01T17:49:18","date_gmt":"2014-10-01T17:49:18","guid":{"rendered":"http:\/\/coro.paroquiabaixadabanheira.org\/?p=1478"},"modified":"2014-10-03T19:16:41","modified_gmt":"2014-10-03T19:16:41","slug":"domingo-xxvii-do-tempo-comum-5","status":"publish","type":"post","link":"https:\/\/coro.paroquiabaixadabanheira.org\/?p=1478","title":{"rendered":"Domingo XXVII do Tempo Comum"},"content":{"rendered":"<p><strong>C\u00e2nticos para o Domingo XXVII do Tempo Comum<\/strong>\u00a0(<a href=\"http:\/\/www.portal.ecclesia.pt\/ecclesiaout\/liturgia\/liturgia_site\/lit_dia\/ano_a\/ld_anoa_ver.asp?cod_ano_a=58\">Liturgia<\/a>)<\/p>\n<ul>\n<li>Entrada:<a href=\"http:\/\/coro.paroquiabaixadabanheira.org\/reportorio\/entrada\/bem.vindo.pdf\">Bem Vindo<\/a><a href=\"http:\/\/coro.paroquiabaixadabanheira.org\/reportorio\/entrada\/igreja.reunida.pdf\"><br \/>\n<\/a><\/li>\n<li>M. Penitencial:\u00a0<a href=\"http:\/\/coro.paroquiabaixadabanheira.org\/reportorio\/penitencial\/senhor.tem.piedade.de.nos.pdf\">Senhor Tem Piedade<\/a><a href=\"http:\/\/coro.paroquiabaixadabanheira.org\/reportorio\/penitencial\/senhor.tende.piedade.2.pdf\"><br \/>\n<\/a><\/li>\n<li>Gl\u00f3ria:\u00a0<a href=\"http:\/\/coro.paroquiabaixadabanheira.org\/reportorio\/gloria\/gloria.a.deus.pdf\">Gl\u00f3ria<\/a><\/li>\n<li>Salmo: 79(80) &#8220;A vinha do Senhor \u00e9 a casa de Israel.&#8221;<\/li>\n<li>Aleluia:\u00a0<a href=\"http:\/\/coro.paroquiabaixadabanheira.org\/reportorio\/aclama\/aleluia.junto.a.ti.pdf\">Aleluia, Junto a Ti<br \/>\n<\/a><em>Aclama\u00e7\u00e3o: &#8220;Eu vos escolhi do mundo, para que vades e deis fruto e o vosso fruto permane\u00e7a, diz o Senhor.&#8221;<\/em><\/li>\n<li>Ofert\u00f3rio:\u00a0<a href=\"http:\/\/coro.paroquiabaixadabanheira.org\/reportorio\/diversos\/vasos.de.barro.pdf\">Vasos de Barro<\/a><a href=\"http:\/\/coro.paroquiabaixadabanheira.org\/reportorio\/ofertorio\/oracao.santo.inacio.pdf\"><br \/>\n<\/a><\/li>\n<li>Santo:\u00a0<a href=\"http:\/\/coro.paroquiabaixadabanheira.org\/reportorio\/santo\/santo.f.silva.pdf\">Santo (F. Silva)<\/a><a href=\"http:\/\/coro.paroquiabaixadabanheira.org\/reportorio\/santo\/santo.a.l.webber.pdf\"><br \/>\n<\/a><\/li>\n<li>Cordeiro:\u00a0<a href=\"http:\/\/coro.paroquiabaixadabanheira.org\/reportorio\/cordeiro\/cordeiro.aragues.pdf\">Cordeiro (T. Aragu\u00e9s)<\/a><a href=\"http:\/\/coro.paroquiabaixadabanheira.org\/reportorio\/cordeiro\/cordeiro.aragues.pdf\"><br \/>\n<\/a><\/li>\n<li>Comunh\u00e3o:\u00a0<a href=\"http:\/\/coro.paroquiabaixadabanheira.org\/reportorio\/diversos\/senhor.fazeime.instrumento.pdf\">Senhor, Fazei-me Instrumento<\/a><\/li>\n<li>Ac\u00e7\u00e3o de Gra\u00e7as:\u00a0<a href=\"http:\/\/coro.paroquiabaixadabanheira.org\/reportorio\/diversos\/doce.e.sentir.pdf\">Doce \u00e9 Sentir<\/a><a href=\"http:\/\/coro.paroquiabaixadabanheira.org\/reportorio\/gracas\/meu.canto.e.para.ti.pdf\"><br \/>\n<\/a><\/li>\n<li>Final:\u00a0<a href=\"http:\/\/coro.paroquiabaixadabanheira.org\/reportorio\/diversos\/cristo.quer.a.tua.ajuda.pdf\">Cristo Quer a Tua Ajuda<\/a><a href=\"http:\/\/coro.paroquiabaixadabanheira.org\/reportorio\/diversos\/bendito.sejais.senhor.pdf\"><br \/>\n<\/a><\/li>\n<\/ul>\n<p>Para ensaiar:<br \/>\n<a href=\"http:\/\/coro.paroquiabaixadabanheira.org\/reportorio\/diversos\/venho.aqui.meu.senhor.pdf\">Venho Aqui Meu Senhor<\/a><\/p>\n","protected":false},"excerpt":{"rendered":"<p>C\u00e2nticos para o Domingo XXVII do Tempo Comum\u00a0(Liturgia) Entrada:Bem Vindo M. Penitencial:\u00a0Senhor Tem Piedade Gl\u00f3ria:\u00a0Gl\u00f3ria Salmo: 79(80) &#8220;A vinha do Senhor \u00e9 a casa de Israel.&#8221; Aleluia:\u00a0Aleluia, Junto a Ti Aclama\u00e7\u00e3o: &#8220;Eu vos escolhi do mundo, para que vades e &hellip;<\/p>\n<p class=\"read-more\"> <a class=\"more-link\" href=\"https:\/\/coro.paroquiabaixadabanheira.org\/?p=1478\"> <span class=\"screen-reader-text\">Domingo XXVII do Tempo Comum<\/span> Read More &raquo;<\/a><\/p>\n","protected":false},"author":1,"featured_media":0,"comment_status":"open","ping_status":"open","sticky":false,"template":"","format":"standard","meta":{"footnotes":""},"categories":[3],"tags":[],"class_list":["post-1478","post","type-post","status-publish","format-standard","hentry","category-ensaios"],"_links":{"self":[{"href":"https:\/\/coro.paroquiabaixadabanheira.org\/index.php?rest_route=\/wp\/v2\/posts\/1478","targetHints":{"allow":["GET"]}}],"collection":[{"href":"https:\/\/coro.paroquiabaixadabanheira.org\/index.php?rest_route=\/wp\/v2\/posts"}],"about":[{"href":"https:\/\/coro.paroquiabaixadabanheira.org\/index.php?rest_route=\/wp\/v2\/types\/post"}],"author":[{"embeddable":true,"href":"https:\/\/coro.paroquiabaixadabanheira.org\/index.php?rest_route=\/wp\/v2\/users\/1"}],"replies":[{"embeddable":true,"href":"https:\/\/coro.paroquiabaixadabanheira.org\/index.php?rest_route=%2Fwp%2Fv2%2Fcomments&post=1478"}],"version-history":[{"count":4,"href":"https:\/\/coro.paroquiabaixadabanheira.org\/index.php?rest_route=\/wp\/v2\/posts\/1478\/revisions"}],"predecessor-version":[{"id":1485,"href":"https:\/\/coro.paroquiabaixadabanheira.org\/index.php?rest_route=\/wp\/v2\/posts\/1478\/revisions\/1485"}],"wp:attachment":[{"href":"https:\/\/coro.paroquiabaixadabanheira.org\/index.php?rest_route=%2Fwp%2Fv2%2Fmedia&parent=1478"}],"wp:term":[{"taxonomy":"category","embeddable":true,"href":"https:\/\/coro.paroquiabaixadabanheira.org\/index.php?rest_route=%2Fwp%2Fv2%2Fcategories&post=1478"},{"taxonomy":"post_tag","embeddable":true,"href":"https:\/\/coro.paroquiabaixadabanheira.org\/index.php?rest_route=%2Fwp%2Fv2%2Ftags&post=1478"}],"curies":[{"name":"wp","href":"https:\/\/api.w.org\/{rel}","templated":true}]}}