{"id":1505,"date":"2014-10-30T12:43:02","date_gmt":"2014-10-30T12:43:02","guid":{"rendered":"http:\/\/coro.paroquiabaixadabanheira.org\/?p=1505"},"modified":"2014-10-31T09:17:08","modified_gmt":"2014-10-31T09:17:08","slug":"domingo-xxxi-do-tempo-comum-comemoracao-de-todos-os-fieis-defuntos","status":"publish","type":"post","link":"https:\/\/coro.paroquiabaixadabanheira.org\/?p=1505","title":{"rendered":"Domingo XXXI do Tempo Comum &#8211; Comemora\u00e7\u00e3o de todos os fi\u00e9is defuntos"},"content":{"rendered":"<p><strong>C\u00e2nticos para o Domingo XXXI do Tempo Comum<\/strong>\u00a0<strong>Ano A\u00a0<\/strong>(<a href=\"http:\/\/www.portal.ecclesia.pt\/ecclesiaout\/liturgia\/liturgia_site\/santos\/santos_ver.asp?cod_santo=186\">Liturgia<\/a>)<\/p>\n<ul>\n<li>Entrada:\u00a0\u00a0<a href=\"http:\/\/coro.paroquiabaixadabanheira.org\/reportorio\/diversos\/venho.aqui.meu.senhor.pdf\">Venho Aqui Meu Senhor<\/a><a href=\"http:\/\/coro.paroquiabaixadabanheira.org\/reportorio\/entrada\/deus.e.teu.amigo.pdf\"><br \/>\n<\/a><\/li>\n<li>M. Penitencial:\u00a0<a href=\"http:\/\/coro.paroquiabaixadabanheira.org\/reportorio\/penitencial\/misericordia.pdf\">Miseric\u00f3rdia<\/a><\/li>\n<li>Gl\u00f3ria:\u00a0<a href=\"http:\/\/coro.paroquiabaixadabanheira.org\/reportorio\/gloria\/gloria.a.deus.pdf\">Gl\u00f3ria<\/a><\/li>\n<li>Salmo:\u00a036(37) &#8220;O Senhor \u00e9 clemente e cheio de compaix\u00e3o.&#8221;<a href=\"http:\/\/www.liturgia.pt\/multimedia\/mp3\/SalmosResponsoriais\/063_TC_A_30Dom-EuVosAmo.mp3\"><br \/>\n<\/a><\/li>\n<li>Aleluia:\u00a0<a href=\"http:\/\/coro.paroquiabaixadabanheira.org\/reportorio\/aclama\/aleluia.pdf\">Aleluia<\/a><a href=\"http:\/\/coro.paroquiabaixadabanheira.org\/reportorio\/aclama\/aleluia.carlos.silva.pdf\"><br \/>\n<\/a><em><\/em><\/li>\n<li><strong><em>Aclama\u00e7\u00e3o: &#8220;Eu sou a ressurrei\u00e7\u00e3o e a vida, diz o Senhor.\u00a0Quem acredita em Mim nunca morrer\u00e1.&#8221;<\/em><\/strong><\/li>\n<li>Ofert\u00f3rio:\u00a0<a href=\"http:\/\/coro.paroquiabaixadabanheira.org\/reportorio\/diversos\/no.meio.da.multidao.pdf\">No meio da Multid\u00e3o<\/a><\/li>\n<li>Santo:\u00a0<a href=\"http:\/\/coro.paroquiabaixadabanheira.org\/reportorio\/santo\/santo.j.paulo.abreu.pdf\">Santo\u00a0(Jos\u00e9 Abreu)<\/a><a href=\"http:\/\/coro.paroquiabaixadabanheira.org\/reportorio\/santo\/santo.psallite.pdf\"><br \/>\n<\/a><\/li>\n<li>Cordeiro:\u00a0<a href=\"http:\/\/coro.paroquiabaixadabanheira.org\/reportorio\/cordeiro\/cordeiro.aragues.pdf\">Cordeiro (Aragues)<\/a><\/li>\n<li>Comunh\u00e3o:\u00a0<a href=\"http:\/\/coro.paroquiabaixadabanheira.org\/reportorio\/comunhao\/pao.divino.pdf\">P\u00e3o Divino<\/a><a href=\"http:\/\/coro.paroquiabaixadabanheira.org\/reportorio\/comunhao\/na.comunhao.recebemos.pdf\"><br \/>\n<\/a><\/li>\n<li>Ac\u00e7\u00e3o de Gra\u00e7as:\u00a0<a href=\"http:\/\/coro.paroquiabaixadabanheira.org\/reportorio\/gracas\/es.a.minha.vida.pdf\">\u00c9s a Minha Vida<\/a><a href=\"http:\/\/coro.paroquiabaixadabanheira.org\/reportorio\/ofertorio\/ubi.caritas.pdf\"><br \/>\n<\/a><\/li>\n<li>Final:\u00a0<a href=\"http:\/\/coro.paroquiabaixadabanheira.org\/reportorio\/diversos\/o.senhor.e.meu.pastor.pdf\">O Senhor \u00e9 Meu Pastor<\/a><\/li>\n<\/ul>\n<p>Trazer:<\/p>\n<ul>\n<li><a href=\"http:\/\/coro.paroquiabaixadabanheira.org\/reportorio\/diversos\/sera.como.a.luz.do.meio.dia.pdf\">Ser\u00e1 Como a Luz do Meio Dia<\/a><\/li>\n<li><a href=\"http:\/\/coro.paroquiabaixadabanheira.org\/reportorio\/comunhao\/na.comunhao.recebemos.pdf\">Na Comunh\u00e3o Recebemos do Pai<\/a><\/li>\n<\/ul>\n","protected":false},"excerpt":{"rendered":"<p>C\u00e2nticos para o Domingo XXXI do Tempo Comum\u00a0Ano A\u00a0(Liturgia) Entrada:\u00a0\u00a0Venho Aqui Meu Senhor M. Penitencial:\u00a0Miseric\u00f3rdia Gl\u00f3ria:\u00a0Gl\u00f3ria Salmo:\u00a036(37) &#8220;O Senhor \u00e9 clemente e cheio de compaix\u00e3o.&#8221; Aleluia:\u00a0Aleluia Aclama\u00e7\u00e3o: &#8220;Eu sou a ressurrei\u00e7\u00e3o e a vida, diz o Senhor.\u00a0Quem acredita em Mim &hellip;<\/p>\n<p class=\"read-more\"> <a class=\"more-link\" href=\"https:\/\/coro.paroquiabaixadabanheira.org\/?p=1505\"> <span class=\"screen-reader-text\">Domingo XXXI do Tempo Comum &#8211; Comemora\u00e7\u00e3o de todos os fi\u00e9is defuntos<\/span> Read More &raquo;<\/a><\/p>\n","protected":false},"author":1,"featured_media":0,"comment_status":"open","ping_status":"open","sticky":false,"template":"","format":"standard","meta":{"footnotes":""},"categories":[3],"tags":[],"class_list":["post-1505","post","type-post","status-publish","format-standard","hentry","category-ensaios"],"_links":{"self":[{"href":"https:\/\/coro.paroquiabaixadabanheira.org\/index.php?rest_route=\/wp\/v2\/posts\/1505","targetHints":{"allow":["GET"]}}],"collection":[{"href":"https:\/\/coro.paroquiabaixadabanheira.org\/index.php?rest_route=\/wp\/v2\/posts"}],"about":[{"href":"https:\/\/coro.paroquiabaixadabanheira.org\/index.php?rest_route=\/wp\/v2\/types\/post"}],"author":[{"embeddable":true,"href":"https:\/\/coro.paroquiabaixadabanheira.org\/index.php?rest_route=\/wp\/v2\/users\/1"}],"replies":[{"embeddable":true,"href":"https:\/\/coro.paroquiabaixadabanheira.org\/index.php?rest_route=%2Fwp%2Fv2%2Fcomments&post=1505"}],"version-history":[{"count":3,"href":"https:\/\/coro.paroquiabaixadabanheira.org\/index.php?rest_route=\/wp\/v2\/posts\/1505\/revisions"}],"predecessor-version":[{"id":1508,"href":"https:\/\/coro.paroquiabaixadabanheira.org\/index.php?rest_route=\/wp\/v2\/posts\/1505\/revisions\/1508"}],"wp:attachment":[{"href":"https:\/\/coro.paroquiabaixadabanheira.org\/index.php?rest_route=%2Fwp%2Fv2%2Fmedia&parent=1505"}],"wp:term":[{"taxonomy":"category","embeddable":true,"href":"https:\/\/coro.paroquiabaixadabanheira.org\/index.php?rest_route=%2Fwp%2Fv2%2Fcategories&post=1505"},{"taxonomy":"post_tag","embeddable":true,"href":"https:\/\/coro.paroquiabaixadabanheira.org\/index.php?rest_route=%2Fwp%2Fv2%2Ftags&post=1505"}],"curies":[{"name":"wp","href":"https:\/\/api.w.org\/{rel}","templated":true}]}}