{"id":1517,"date":"2014-11-19T17:57:39","date_gmt":"2014-11-19T17:57:39","guid":{"rendered":"http:\/\/coro.paroquiabaixadabanheira.org\/?p=1517"},"modified":"2014-11-16T18:31:52","modified_gmt":"2014-11-16T18:31:52","slug":"domingo-xxxiv-do-tempo-comum-solenidade-de-nosso-senhor-jesus-cristo-rei-do-universo","status":"publish","type":"post","link":"https:\/\/coro.paroquiabaixadabanheira.org\/?p=1517","title":{"rendered":"Domingo XXXIV do Tempo Comum &#8211; Solenidade de Nosso Senhor Jesus Cristo, Rei do Universo"},"content":{"rendered":"<p><strong>C\u00e2nticos para o Domingo XXXIV do Tempo Comum<\/strong>\u00a0<strong>Ano A\u00a0<\/strong>(<a href=\"http:\/\/www.portal.ecclesia.pt\/ecclesiaout\/liturgia\/liturgia_site\/lit_dia\/ano_a\/ld_anoa_ver.asp?cod_ano_a=64\">Liturgia<\/a>)<\/p>\n<ul>\n<li>Entrada:\u00a0\u00a0<a href=\"http:\/\/coro.paroquiabaixadabanheira.org\/reportorio\/entrada\/errante.vou.pdf\">Errante vou<\/a><a href=\"http:\/\/coro.paroquiabaixadabanheira.org\/reportorio\/entrada\/senhor.jesus.nos.vamos.a.ti.pdf\"><br \/>\n<\/a><\/li>\n<li>M. Penitencial:\u00a0<a href=\"http:\/\/coro.paroquiabaixadabanheira.org\/reportorio\/penitencial\/senhor.tende.piedade.3.pdf\">Senhor, Tende Piedade<\/a>\u00a0(M. Alentejana)<\/li>\n<li>Salmo: 22(23) &#8220;O Senhor \u00e9 meu Pastor: nada me faltar\u00e1. Nada me faltar\u00e1.&#8221;<\/li>\n<li>Aleluia:\u00a0<a href=\"http:\/\/coro.paroquiabaixadabanheira.org\/reportorio\/aclama\/aleluia.carlos.silva.pdf\">Aleluia (Carlos Silva)<br \/>\n<\/a><em><strong>Aclama\u00e7\u00e3o: Bendito o que vem em nome do Senhor! Bendito o reino do nosso pai David!<\/strong><\/em><\/li>\n<li>Ofert\u00f3rio:\u00a0<a href=\"http:\/\/coro.paroquiabaixadabanheira.org\/reportorio\/ofertorio\/oracao.santo.inacio.pdf\">Ora\u00e7\u00e3o de Santo In\u00e1cio<\/a><a href=\"http:\/\/coro.paroquiabaixadabanheira.org\/reportorio\/ofertorio\/ofertas.singelas.pdf\"><br \/>\n<\/a><\/li>\n<li>Santo:\u00a0<a href=\"http:\/\/coro.paroquiabaixadabanheira.org\/reportorio\/santo\/santo.cartageno.pdf\">Santo cartageno<\/a><a href=\"http:\/\/coro.paroquiabaixadabanheira.org\/reportorio\/santo\/santo.a.l.webber.pdf\"><br \/>\n<\/a><\/li>\n<li>Cordeiro:\u00a0<a href=\"http:\/\/coro.paroquiabaixadabanheira.org\/reportorio\/cordeiro\/cordeiro.cartageno.pdf\">Cordeiro (A. Cartageno)<\/a><a href=\"http:\/\/coro.paroquiabaixadabanheira.org\/reportorio\/cordeiro\/cordeiro.olindo.marques.pdf\"><br \/>\n<\/a><\/li>\n<li>Comunh\u00e3o: <a href=\"http:\/\/coro.paroquiabaixadabanheira.org\/reportorio\/comunhao\/e.o.meu.corpo.pdf\">\u00c9 o Meu Corpo<\/a>\u00a0<a href=\"http:\/\/coro.paroquiabaixadabanheira.org\/reportorio\/comunhao\/na.comunhao.recebemos.pdf\"><br \/>\n<\/a><\/li>\n<li>Ac\u00e7\u00e3o de Gra\u00e7as:\u00a0<a href=\"http:\/\/coro.paroquiabaixadabanheira.org\/reportorio\/gracas\/nada.te.perturbe.pdf\">Nada Te Perturbe<\/a><a href=\"http:\/\/coro.paroquiabaixadabanheira.org\/reportorio\/quaresma\/quao.amavel.e.vossa.morada.pdf\"><br \/>\n<\/a><\/li>\n<li>Final:\u00a0\u00a0<a href=\"http:\/\/coro.paroquiabaixadabanheira.org\/reportorio\/quaresma\/no.senhor.pus.a.minha.esperanca.pdf\">No Senhor Pus a Minha Esperan\u00e7a<\/a><a href=\"http:\/\/coro.paroquiabaixadabanheira.org\/reportorio\/entrada\/caminhos.para.a.vida.pdf\"><br \/>\n<\/a><\/li>\n<\/ul>\n<p>Para rever:<\/p>\n<ul>\n<li><a href=\"http:\/\/coro.paroquiabaixadabanheira.org\/reportorio\/advento\/exulta.de.gozo.pdf\">Exulta de Gozo, Jerusal\u00e9m<\/a><\/li>\n<\/ul>\n","protected":false},"excerpt":{"rendered":"<p>C\u00e2nticos para o Domingo XXXIV do Tempo Comum\u00a0Ano A\u00a0(Liturgia) Entrada:\u00a0\u00a0Errante vou M. Penitencial:\u00a0Senhor, Tende Piedade\u00a0(M. Alentejana) Salmo: 22(23) &#8220;O Senhor \u00e9 meu Pastor: nada me faltar\u00e1. Nada me faltar\u00e1.&#8221; Aleluia:\u00a0Aleluia (Carlos Silva) Aclama\u00e7\u00e3o: Bendito o que vem em nome do &hellip;<\/p>\n<p class=\"read-more\"> <a class=\"more-link\" href=\"https:\/\/coro.paroquiabaixadabanheira.org\/?p=1517\"> <span class=\"screen-reader-text\">Domingo XXXIV do Tempo Comum &#8211; Solenidade de Nosso Senhor Jesus Cristo, Rei do Universo<\/span> Read More &raquo;<\/a><\/p>\n","protected":false},"author":1,"featured_media":0,"comment_status":"open","ping_status":"open","sticky":false,"template":"","format":"standard","meta":{"footnotes":""},"categories":[3],"tags":[],"class_list":["post-1517","post","type-post","status-publish","format-standard","hentry","category-ensaios"],"_links":{"self":[{"href":"https:\/\/coro.paroquiabaixadabanheira.org\/index.php?rest_route=\/wp\/v2\/posts\/1517","targetHints":{"allow":["GET"]}}],"collection":[{"href":"https:\/\/coro.paroquiabaixadabanheira.org\/index.php?rest_route=\/wp\/v2\/posts"}],"about":[{"href":"https:\/\/coro.paroquiabaixadabanheira.org\/index.php?rest_route=\/wp\/v2\/types\/post"}],"author":[{"embeddable":true,"href":"https:\/\/coro.paroquiabaixadabanheira.org\/index.php?rest_route=\/wp\/v2\/users\/1"}],"replies":[{"embeddable":true,"href":"https:\/\/coro.paroquiabaixadabanheira.org\/index.php?rest_route=%2Fwp%2Fv2%2Fcomments&post=1517"}],"version-history":[{"count":1,"href":"https:\/\/coro.paroquiabaixadabanheira.org\/index.php?rest_route=\/wp\/v2\/posts\/1517\/revisions"}],"predecessor-version":[{"id":1518,"href":"https:\/\/coro.paroquiabaixadabanheira.org\/index.php?rest_route=\/wp\/v2\/posts\/1517\/revisions\/1518"}],"wp:attachment":[{"href":"https:\/\/coro.paroquiabaixadabanheira.org\/index.php?rest_route=%2Fwp%2Fv2%2Fmedia&parent=1517"}],"wp:term":[{"taxonomy":"category","embeddable":true,"href":"https:\/\/coro.paroquiabaixadabanheira.org\/index.php?rest_route=%2Fwp%2Fv2%2Fcategories&post=1517"},{"taxonomy":"post_tag","embeddable":true,"href":"https:\/\/coro.paroquiabaixadabanheira.org\/index.php?rest_route=%2Fwp%2Fv2%2Ftags&post=1517"}],"curies":[{"name":"wp","href":"https:\/\/api.w.org\/{rel}","templated":true}]}}