{"id":1533,"date":"2014-12-04T11:59:04","date_gmt":"2014-12-04T11:59:04","guid":{"rendered":"http:\/\/coro.paroquiabaixadabanheira.org\/?p=1533"},"modified":"2014-12-03T23:31:31","modified_gmt":"2014-12-03T23:31:31","slug":"domingo-ii-do-advento-4","status":"publish","type":"post","link":"https:\/\/coro.paroquiabaixadabanheira.org\/?p=1533","title":{"rendered":"Domingo II do Advento"},"content":{"rendered":"<p><strong>C\u00e2nticos para o Domingo\u00a0II do Advento &#8211; Ano B<\/strong><strong>\u00a0<\/strong>(<a href=\"http:\/\/www.portal.ecclesia.pt\/ecclesiaout\/liturgia\/liturgia_site\/lit_dia\/ano_b\/ld_anob_ver.asp?cod_ano_b=2\">Liturgia<\/a>)<\/p>\n<ul>\n<li>Entrada:\u00a0\u00a0<a href=\"http:\/\/coro.paroquiabaixadabanheira.org\/reportorio\/advento\/acorda.siao.pdf\">Acorda Si\u00e3o<\/a><a href=\"http:\/\/coro.paroquiabaixadabanheira.org\/reportorio\/advento\/vem.senhor.jesus.pdf\"><br \/>\n<\/a><\/li>\n<li>M. Penitencial:\u00a0<a href=\"http:\/\/coro.paroquiabaixadabanheira.org\/reportorio\/penitencial\/senhor.tende.piedade.2.pdf\">Senhor, Tende Piedade (Aragu\u00e9s)<\/a><\/li>\n<li>Salmo: 84(85) &#8220;Mostrai-nos o vosso amor, dai-nos a vossa salva\u00e7\u00e3o; dai-nos a vossa salva\u00e7\u00e3o.&#8221;<\/li>\n<li><span style=\"line-height: 1.5em;\">Aleluia:\u00a0\u00a0<\/span><a style=\"line-height: 1.5em;\" href=\"http:\/\/coro.paroquiabaixadabanheira.org\/reportorio\/aclama\/aleluia.pdf\">Aleluia<\/a><\/li>\n<\/ul>\n<p><em><strong>Aclama\u00e7\u00e3o: &#8220;Preparai o caminho do Senhor, endireitai suas veredas e toda a criatura ver\u00e1 a salva\u00e7\u00e3o de Deus.&#8221;<\/strong><\/em><\/p>\n<ul>\n<li>Ofert\u00f3rio:\u00a0<a href=\"http:\/\/coro.paroquiabaixadabanheira.org\/reportorio\/advento\/pao.e.vinho.apresentamos.pdf\">P\u00e3o e Vinho Apresentamos<\/a><\/li>\n<li>Santo: <a href=\"http:\/\/coro.paroquiabaixadabanheira.org\/reportorio\/santo\/santo.f.silva.pdf\">Santo (F. Silva)<\/a><\/li>\n<li>Cordeiro:\u00a0<a href=\"http:\/\/coro.paroquiabaixadabanheira.org\/reportorio\/cordeiro\/cordeiro.aragues.pdf\">Cordeiro (Aragues)<\/a><\/li>\n<li>Comunh\u00e3o:\u00a0<a href=\"http:\/\/coro.paroquiabaixadabanheira.org\/reportorio\/comunhao\/comei.do.pao.pdf\">Comei do P\u00e3o<\/a><a href=\"http:\/\/coro.paroquiabaixadabanheira.org\/reportorio\/comunhao\/uma.espiga.pdf\"><br \/>\n<\/a><\/li>\n<li>Ac\u00e7\u00e3o de Gra\u00e7as:\u00a0\u00a0<a href=\"http:\/\/coro.paroquiabaixadabanheira.org\/reportorio\/gracas\/nao.adores.pdf\">N\u00e3o Adores<\/a><a href=\"http:\/\/coro.paroquiabaixadabanheira.org\/reportorio\/gracas\/eu.quero.ser.pdf\"><br \/>\n<\/a><\/li>\n<li>Final:\u00a0<a href=\"http:\/\/coro.paroquiabaixadabanheira.org\/reportorio\/diversos\/o.profeta.pdf\">O Profeta<\/a><\/li>\n<\/ul>\n","protected":false},"excerpt":{"rendered":"<p>C\u00e2nticos para o Domingo\u00a0II do Advento &#8211; Ano B\u00a0(Liturgia) Entrada:\u00a0\u00a0Acorda Si\u00e3o M. Penitencial:\u00a0Senhor, Tende Piedade (Aragu\u00e9s) Salmo: 84(85) &#8220;Mostrai-nos o vosso amor, dai-nos a vossa salva\u00e7\u00e3o; dai-nos a vossa salva\u00e7\u00e3o.&#8221; Aleluia:\u00a0\u00a0Aleluia Aclama\u00e7\u00e3o: &#8220;Preparai o caminho do Senhor, endireitai suas veredas &hellip;<\/p>\n<p class=\"read-more\"> <a class=\"more-link\" href=\"https:\/\/coro.paroquiabaixadabanheira.org\/?p=1533\"> <span class=\"screen-reader-text\">Domingo II do Advento<\/span> Read More &raquo;<\/a><\/p>\n","protected":false},"author":1,"featured_media":0,"comment_status":"open","ping_status":"open","sticky":false,"template":"","format":"standard","meta":{"footnotes":""},"categories":[3],"tags":[],"class_list":["post-1533","post","type-post","status-publish","format-standard","hentry","category-ensaios"],"_links":{"self":[{"href":"https:\/\/coro.paroquiabaixadabanheira.org\/index.php?rest_route=\/wp\/v2\/posts\/1533","targetHints":{"allow":["GET"]}}],"collection":[{"href":"https:\/\/coro.paroquiabaixadabanheira.org\/index.php?rest_route=\/wp\/v2\/posts"}],"about":[{"href":"https:\/\/coro.paroquiabaixadabanheira.org\/index.php?rest_route=\/wp\/v2\/types\/post"}],"author":[{"embeddable":true,"href":"https:\/\/coro.paroquiabaixadabanheira.org\/index.php?rest_route=\/wp\/v2\/users\/1"}],"replies":[{"embeddable":true,"href":"https:\/\/coro.paroquiabaixadabanheira.org\/index.php?rest_route=%2Fwp%2Fv2%2Fcomments&post=1533"}],"version-history":[{"count":1,"href":"https:\/\/coro.paroquiabaixadabanheira.org\/index.php?rest_route=\/wp\/v2\/posts\/1533\/revisions"}],"predecessor-version":[{"id":1534,"href":"https:\/\/coro.paroquiabaixadabanheira.org\/index.php?rest_route=\/wp\/v2\/posts\/1533\/revisions\/1534"}],"wp:attachment":[{"href":"https:\/\/coro.paroquiabaixadabanheira.org\/index.php?rest_route=%2Fwp%2Fv2%2Fmedia&parent=1533"}],"wp:term":[{"taxonomy":"category","embeddable":true,"href":"https:\/\/coro.paroquiabaixadabanheira.org\/index.php?rest_route=%2Fwp%2Fv2%2Fcategories&post=1533"},{"taxonomy":"post_tag","embeddable":true,"href":"https:\/\/coro.paroquiabaixadabanheira.org\/index.php?rest_route=%2Fwp%2Fv2%2Ftags&post=1533"}],"curies":[{"name":"wp","href":"https:\/\/api.w.org\/{rel}","templated":true}]}}