{"id":1535,"date":"2014-12-04T12:00:57","date_gmt":"2014-12-04T12:00:57","guid":{"rendered":"http:\/\/coro.paroquiabaixadabanheira.org\/?p=1535"},"modified":"2014-12-03T23:30:54","modified_gmt":"2014-12-03T23:30:54","slug":"imaculada-conceicao-da-virgem-santa-maria","status":"publish","type":"post","link":"https:\/\/coro.paroquiabaixadabanheira.org\/?p=1535","title":{"rendered":"Imaculada Concei\u00e7\u00e3o da Virgem Santa Maria"},"content":{"rendered":"<p><strong>C\u00e2nticos para Imaculada Concei\u00e7\u00e3o<\/strong><strong>\u00a0<\/strong>(<a href=\"http:\/\/www.portal.ecclesia.pt\/ecclesiaout\/liturgia\/liturgia_site\/santos\/santos_ver.asp?cod_santo=210\">Liturgia<\/a>)<\/p>\n<ul>\n<li>Entrada:\u00a0<a href=\"http:\/\/coro.paroquiabaixadabanheira.org\/reportorio\/advento\/acorda.siao.pdf\">Acorda Si\u00e3o<\/a><a href=\"http:\/\/coro.paroquiabaixadabanheira.org\/reportorio\/advento\/vem.senhor.jesus.pdf\"><br \/>\n<\/a><\/li>\n<li>M. Penitencial:\u00a0<a href=\"http:\/\/coro.paroquiabaixadabanheira.org\/reportorio\/penitencial\/senhor.tende.piedade.2.pdf\">Senhor, Tende Piedade (Aragu\u00e9s)<\/a><\/li>\n<li>Salmo:97(98) &#8221; Cantai um c\u00e2ntico novo! O Senhor fez maravilhas.&#8221;<\/li>\n<li>Aleluia: \u00a0<a href=\"http:\/\/coro.paroquiabaixadabanheira.org\/reportorio\/aclama\/aleluia.pdf\">Aleluia<\/a><\/li>\n<\/ul>\n<p><em><strong>Aclama\u00e7\u00e3o: &#8220;Ave Maria, cheia de gra\u00e7a, o Senhor \u00e9 convosco, bendita sois V\u00f3s entre as mulheres.&#8221;<\/strong><\/em><\/p>\n<ul>\n<li>Ofert\u00f3rio:\u00a0<a href=\"http:\/\/coro.paroquiabaixadabanheira.org\/reportorio\/advento\/pao.e.vinho.apresentamos.pdf\">P\u00e3o e Vinho Apresentamos<\/a><\/li>\n<li>Santo:\u00a0<a href=\"http:\/\/coro.paroquiabaixadabanheira.org\/reportorio\/santo\/santo.f.silva.pdf\">Santo (F. Silva)<\/a><\/li>\n<li>Cordeiro:\u00a0<a href=\"http:\/\/coro.paroquiabaixadabanheira.org\/reportorio\/cordeiro\/cordeiro.aragues.pdf\">Cordeiro (Aragues)<\/a><\/li>\n<li>Comunh\u00e3o:\u00a0<a href=\"http:\/\/coro.paroquiabaixadabanheira.org\/reportorio\/comunhao\/comei.do.pao.pdf\">Comei do P\u00e3o<\/a><a href=\"http:\/\/coro.paroquiabaixadabanheira.org\/reportorio\/comunhao\/uma.espiga.pdf\"><br \/>\n<\/a><\/li>\n<li>Ac\u00e7\u00e3o de Gra\u00e7as:\u00a0<a href=\"http:\/\/coro.paroquiabaixadabanheira.org\/reportorio\/maria\/queres.tu.maria.pdf\">Queres Tu Maria<\/a><a href=\"http:\/\/coro.paroquiabaixadabanheira.org\/reportorio\/gracas\/eu.quero.ser.pdf\"><br \/>\n<\/a><\/li>\n<li>Final:\u00a0<a href=\"http:\/\/coro.paroquiabaixadabanheira.org\/reportorio\/maria\/o.senhor.fez.em.mim.maravilhas.pdf\">O Senhor fez em mim maravilhas<\/a><a href=\"http:\/\/coro.paroquiabaixadabanheira.org\/reportorio\/diversos\/o.profeta.pdf\"><br \/>\n<\/a><\/li>\n<\/ul>\n","protected":false},"excerpt":{"rendered":"<p>C\u00e2nticos para Imaculada Concei\u00e7\u00e3o\u00a0(Liturgia) Entrada:\u00a0Acorda Si\u00e3o M. Penitencial:\u00a0Senhor, Tende Piedade (Aragu\u00e9s) Salmo:97(98) &#8221; Cantai um c\u00e2ntico novo! O Senhor fez maravilhas.&#8221; Aleluia: \u00a0Aleluia Aclama\u00e7\u00e3o: &#8220;Ave Maria, cheia de gra\u00e7a, o Senhor \u00e9 convosco, bendita sois V\u00f3s entre as mulheres.&#8221; Ofert\u00f3rio:\u00a0P\u00e3o &hellip;<\/p>\n<p class=\"read-more\"> <a class=\"more-link\" href=\"https:\/\/coro.paroquiabaixadabanheira.org\/?p=1535\"> <span class=\"screen-reader-text\">Imaculada Concei\u00e7\u00e3o da Virgem Santa Maria<\/span> Read More &raquo;<\/a><\/p>\n","protected":false},"author":1,"featured_media":0,"comment_status":"open","ping_status":"open","sticky":false,"template":"","format":"standard","meta":{"footnotes":""},"categories":[3],"tags":[],"class_list":["post-1535","post","type-post","status-publish","format-standard","hentry","category-ensaios"],"_links":{"self":[{"href":"https:\/\/coro.paroquiabaixadabanheira.org\/index.php?rest_route=\/wp\/v2\/posts\/1535","targetHints":{"allow":["GET"]}}],"collection":[{"href":"https:\/\/coro.paroquiabaixadabanheira.org\/index.php?rest_route=\/wp\/v2\/posts"}],"about":[{"href":"https:\/\/coro.paroquiabaixadabanheira.org\/index.php?rest_route=\/wp\/v2\/types\/post"}],"author":[{"embeddable":true,"href":"https:\/\/coro.paroquiabaixadabanheira.org\/index.php?rest_route=\/wp\/v2\/users\/1"}],"replies":[{"embeddable":true,"href":"https:\/\/coro.paroquiabaixadabanheira.org\/index.php?rest_route=%2Fwp%2Fv2%2Fcomments&post=1535"}],"version-history":[{"count":1,"href":"https:\/\/coro.paroquiabaixadabanheira.org\/index.php?rest_route=\/wp\/v2\/posts\/1535\/revisions"}],"predecessor-version":[{"id":1536,"href":"https:\/\/coro.paroquiabaixadabanheira.org\/index.php?rest_route=\/wp\/v2\/posts\/1535\/revisions\/1536"}],"wp:attachment":[{"href":"https:\/\/coro.paroquiabaixadabanheira.org\/index.php?rest_route=%2Fwp%2Fv2%2Fmedia&parent=1535"}],"wp:term":[{"taxonomy":"category","embeddable":true,"href":"https:\/\/coro.paroquiabaixadabanheira.org\/index.php?rest_route=%2Fwp%2Fv2%2Fcategories&post=1535"},{"taxonomy":"post_tag","embeddable":true,"href":"https:\/\/coro.paroquiabaixadabanheira.org\/index.php?rest_route=%2Fwp%2Fv2%2Ftags&post=1535"}],"curies":[{"name":"wp","href":"https:\/\/api.w.org\/{rel}","templated":true}]}}