{"id":1610,"date":"2015-03-02T15:09:03","date_gmt":"2015-03-02T15:09:03","guid":{"rendered":"http:\/\/coro.paroquiabaixadabanheira.org\/?p=1610"},"modified":"2015-03-02T15:10:00","modified_gmt":"2015-03-02T15:10:00","slug":"domingo-iii-da-quaresma-6","status":"publish","type":"post","link":"https:\/\/coro.paroquiabaixadabanheira.org\/?p=1610","title":{"rendered":"Domingo III da Quaresma"},"content":{"rendered":"<p>C\u00e2nticos para o Domingo III Quaresma\u00a0Ano\u00a0B\u00a0(<a href=\"http:\/\/www.portal.ecclesia.pt\/ecclesiaout\/liturgia\/liturgia_site\/lit_dia\/ano_b\/ld_anob_ver.asp?cod_ano_b=23\">Liturgia<\/a>)<\/p>\n<ul>\n<li>Entrada:\u00a0<a href=\"http:\/\/coro.paroquiabaixadabanheira.org\/reportorio\/quaresma\/caminha.povo.de.deus.pdf\">Caminha Povo de Deus<\/a><a href=\"http:\/\/coro.paroquiabaixadabanheira.org\/reportorio\/entrada\/vamos.caminhando.pdf\"><br \/>\n<\/a><\/li>\n<li>Momento Penitencial:\u00a0<a href=\"http:\/\/coro.paroquiabaixadabanheira.org\/reportorio\/penitencial\/senhor.tende.piedade.2.pdf\">Senhor, Tende Piedade<\/a><a href=\"http:\/\/coro.paroquiabaixadabanheira.org\/reportorio\/penitencial\/senhor.tende.piedade.3.pdf\"><br \/>\n<\/a><\/li>\n<li>Salmo: 18(19) &#8220;Senhor, V\u00f3s tendes palavras de vida eterna.&#8221;<\/li>\n<li>Aclama\u00e7\u00e3o:\u00a0<a href=\"http:\/\/coro.paroquiabaixadabanheira.org\/reportorio\/aclama\/louvor.gloria.vos.cartageno.pdf\">Louvor e Gl\u00f3ria a\u00a0V\u00f3s Cartageno<\/a>\u00a0 &#8220;Deus amou tanto o mundo\u00a0que lhe deu o seu Filho Unig\u00e9nito;\u00a0quem acredita n\u2019Ele tem a vida eterna.&#8221;<\/li>\n<li>Ofert\u00f3rio:\u00a0<a href=\"http:\/\/coro.paroquiabaixadabanheira.org\/reportorio\/ofertorio\/meu.senhor.te.ofertamos.pdf\">Meu Senhor, Te Ofertamos<\/a><a href=\"http:\/\/coro.paroquiabaixadabanheira.org\/reportorio\/ofertorio\/pobres.e.fracos.que.somos.pdf\"><br \/>\n<\/a><\/li>\n<li>Santo:\u00a0<a href=\"http:\/\/coro.paroquiabaixadabanheira.org\/reportorio\/santo\/santo.j.paulo.abreu.pdf\">Santo\u00a0(Jos\u00e9 Abreu)<\/a><\/li>\n<li>Cordeiro:\u00a0<a href=\"http:\/\/coro.paroquiabaixadabanheira.org\/reportorio\/cordeiro\/cordeiro.olindo.marques.pdf\">Cordeiro<\/a><\/li>\n<li>Comunh\u00e3o:\u00a0<a href=\"http:\/\/cancioneiro.paroquia-sppv.pt\/04\/04.15_Eu_desejei_ardentemente.pdf\">Eu Desejei Ardentemente<\/a><\/li>\n<li>Ac\u00e7\u00e3o de Gra\u00e7as:\u00a0<a href=\"http:\/\/coro.paroquiabaixadabanheira.org\/reportorio\/diversos\/cuida.de.mim.senhor.pdf\">Cuida de Mim<\/a><a href=\"http:\/\/coro.paroquiabaixadabanheira.org\/reportorio\/gracas\/deus.de.amor.pdf\"><br \/>\n<\/a><\/li>\n<li>Final:\u00a0<a href=\"http:\/\/coro.paroquiabaixadabanheira.org\/reportorio\/quaresma\/o.senhor.fez-nos.sair.do.egipto.pdf\">O Senhor Fez-nos Sair do Egipto<\/a><a href=\"http:\/\/coro.paroquiabaixadabanheira.org\/reportorio\/quaresma\/caminharei.na.presenca.do.senhor.sl116.pdf\"><br \/>\n<\/a><\/li>\n<\/ul>\n","protected":false},"excerpt":{"rendered":"<p>C\u00e2nticos para o Domingo III Quaresma\u00a0Ano\u00a0B\u00a0(Liturgia) Entrada:\u00a0Caminha Povo de Deus Momento Penitencial:\u00a0Senhor, Tende Piedade Salmo: 18(19) &#8220;Senhor, V\u00f3s tendes palavras de vida eterna.&#8221; Aclama\u00e7\u00e3o:\u00a0Louvor e Gl\u00f3ria a\u00a0V\u00f3s Cartageno\u00a0 &#8220;Deus amou tanto o mundo\u00a0que lhe deu o seu Filho Unig\u00e9nito;\u00a0quem acredita &hellip;<\/p>\n<p class=\"read-more\"> <a class=\"more-link\" href=\"https:\/\/coro.paroquiabaixadabanheira.org\/?p=1610\"> <span class=\"screen-reader-text\">Domingo III da Quaresma<\/span> Read More &raquo;<\/a><\/p>\n","protected":false},"author":1,"featured_media":0,"comment_status":"open","ping_status":"open","sticky":false,"template":"","format":"standard","meta":{"footnotes":""},"categories":[1],"tags":[],"class_list":["post-1610","post","type-post","status-publish","format-standard","hentry","category-uncategorized"],"_links":{"self":[{"href":"https:\/\/coro.paroquiabaixadabanheira.org\/index.php?rest_route=\/wp\/v2\/posts\/1610","targetHints":{"allow":["GET"]}}],"collection":[{"href":"https:\/\/coro.paroquiabaixadabanheira.org\/index.php?rest_route=\/wp\/v2\/posts"}],"about":[{"href":"https:\/\/coro.paroquiabaixadabanheira.org\/index.php?rest_route=\/wp\/v2\/types\/post"}],"author":[{"embeddable":true,"href":"https:\/\/coro.paroquiabaixadabanheira.org\/index.php?rest_route=\/wp\/v2\/users\/1"}],"replies":[{"embeddable":true,"href":"https:\/\/coro.paroquiabaixadabanheira.org\/index.php?rest_route=%2Fwp%2Fv2%2Fcomments&post=1610"}],"version-history":[{"count":2,"href":"https:\/\/coro.paroquiabaixadabanheira.org\/index.php?rest_route=\/wp\/v2\/posts\/1610\/revisions"}],"predecessor-version":[{"id":1612,"href":"https:\/\/coro.paroquiabaixadabanheira.org\/index.php?rest_route=\/wp\/v2\/posts\/1610\/revisions\/1612"}],"wp:attachment":[{"href":"https:\/\/coro.paroquiabaixadabanheira.org\/index.php?rest_route=%2Fwp%2Fv2%2Fmedia&parent=1610"}],"wp:term":[{"taxonomy":"category","embeddable":true,"href":"https:\/\/coro.paroquiabaixadabanheira.org\/index.php?rest_route=%2Fwp%2Fv2%2Fcategories&post=1610"},{"taxonomy":"post_tag","embeddable":true,"href":"https:\/\/coro.paroquiabaixadabanheira.org\/index.php?rest_route=%2Fwp%2Fv2%2Ftags&post=1610"}],"curies":[{"name":"wp","href":"https:\/\/api.w.org\/{rel}","templated":true}]}}