{"id":1614,"date":"2015-03-09T12:22:22","date_gmt":"2015-03-09T12:22:22","guid":{"rendered":"http:\/\/coro.paroquiabaixadabanheira.org\/?p=1614"},"modified":"2015-03-09T12:22:22","modified_gmt":"2015-03-09T12:22:22","slug":"encontro-diocesano-de-coralistas-2","status":"publish","type":"post","link":"https:\/\/coro.paroquiabaixadabanheira.org\/?p=1614","title":{"rendered":"Encontro Diocesano de Coralistas"},"content":{"rendered":"<p>Realiza-se no pr\u00f3ximo dia 14 de Mar\u00e7o\u00a0entre as\u00a09:30h e as 12h30\u00a0na Igreja Nova da Cova da Piedade (R. Am\u00e9lia Rey-Cola\u00e7o)\u00a0o encontro de forma\u00e7\u00e3o\u00a0anual de coralistas. O tema deste encontro \u00e9\u00a0sobre o canto da apresenta\u00e7\u00e3o dos dons (vulgarmente dito C\u00e2ntico de ofert\u00f3rio).<\/p>\n<p>Este encontro \u00e9 aconselhado para\u00a0todos os elementos do grupo para estarem bem preparados para\u00a0melhor servir a\u00a0celebra\u00e7\u00e3o eucar\u00edstica.<\/p>\n<p>Quem estiver interessado em ir informe-me por via SMS,\u00a0tenho 4 lugares dispon\u00edveis.<\/p>\n<p>&nbsp;<\/p>\n","protected":false},"excerpt":{"rendered":"<p>Realiza-se no pr\u00f3ximo dia 14 de Mar\u00e7o\u00a0entre as\u00a09:30h e as 12h30\u00a0na Igreja Nova da Cova da Piedade (R. Am\u00e9lia Rey-Cola\u00e7o)\u00a0o encontro de forma\u00e7\u00e3o\u00a0anual de coralistas. O tema deste encontro \u00e9\u00a0sobre o canto da apresenta\u00e7\u00e3o dos dons (vulgarmente dito C\u00e2ntico de &hellip;<\/p>\n<p class=\"read-more\"> <a class=\"more-link\" href=\"https:\/\/coro.paroquiabaixadabanheira.org\/?p=1614\"> <span class=\"screen-reader-text\">Encontro Diocesano de Coralistas<\/span> Read More &raquo;<\/a><\/p>\n","protected":false},"author":3,"featured_media":0,"comment_status":"open","ping_status":"open","sticky":false,"template":"","format":"standard","meta":{"footnotes":""},"categories":[1],"tags":[],"class_list":["post-1614","post","type-post","status-publish","format-standard","hentry","category-uncategorized"],"_links":{"self":[{"href":"https:\/\/coro.paroquiabaixadabanheira.org\/index.php?rest_route=\/wp\/v2\/posts\/1614","targetHints":{"allow":["GET"]}}],"collection":[{"href":"https:\/\/coro.paroquiabaixadabanheira.org\/index.php?rest_route=\/wp\/v2\/posts"}],"about":[{"href":"https:\/\/coro.paroquiabaixadabanheira.org\/index.php?rest_route=\/wp\/v2\/types\/post"}],"author":[{"embeddable":true,"href":"https:\/\/coro.paroquiabaixadabanheira.org\/index.php?rest_route=\/wp\/v2\/users\/3"}],"replies":[{"embeddable":true,"href":"https:\/\/coro.paroquiabaixadabanheira.org\/index.php?rest_route=%2Fwp%2Fv2%2Fcomments&post=1614"}],"version-history":[{"count":1,"href":"https:\/\/coro.paroquiabaixadabanheira.org\/index.php?rest_route=\/wp\/v2\/posts\/1614\/revisions"}],"predecessor-version":[{"id":1615,"href":"https:\/\/coro.paroquiabaixadabanheira.org\/index.php?rest_route=\/wp\/v2\/posts\/1614\/revisions\/1615"}],"wp:attachment":[{"href":"https:\/\/coro.paroquiabaixadabanheira.org\/index.php?rest_route=%2Fwp%2Fv2%2Fmedia&parent=1614"}],"wp:term":[{"taxonomy":"category","embeddable":true,"href":"https:\/\/coro.paroquiabaixadabanheira.org\/index.php?rest_route=%2Fwp%2Fv2%2Fcategories&post=1614"},{"taxonomy":"post_tag","embeddable":true,"href":"https:\/\/coro.paroquiabaixadabanheira.org\/index.php?rest_route=%2Fwp%2Fv2%2Ftags&post=1614"}],"curies":[{"name":"wp","href":"https:\/\/api.w.org\/{rel}","templated":true}]}}