{"id":1616,"date":"2015-03-09T13:17:21","date_gmt":"2015-03-09T13:17:21","guid":{"rendered":"http:\/\/coro.paroquiabaixadabanheira.org\/?p=1616"},"modified":"2015-03-25T00:39:36","modified_gmt":"2015-03-25T00:39:36","slug":"ensaios-para-semana-santa-3","status":"publish","type":"post","link":"https:\/\/coro.paroquiabaixadabanheira.org\/?p=1616","title":{"rendered":"Ensaios para Semana Santa"},"content":{"rendered":"<p>Os\u00a0ensaios para a Semana Santa\u00a0ter\u00e3o lugar nos seguintes dias:<\/p>\n<ul>\n<li>Quinta feira\u00a019\/03\u00a0\u00a0(21h)<\/li>\n<li>S\u00e1bado\u00a021\/03 (21h)<\/li>\n<li>Segunda feira 23\/03 (\u00a021h)<\/li>\n<li>Ter\u00e7a-feira 24\/03 (21h)<\/li>\n<li>Sexta-feira 27\/03\u00a0\u00a0(21h)<\/li>\n<li>Segunda\u00a030\/03\u00a0a Quarta 01\/04 (21h)<\/li>\n<li>Sexta 03\/04 (Depois da celebra\u00e7\u00e3o da Paix\u00e3o do Senhor)<\/li>\n<\/ul>\n<p>Reservem estes dias.<\/p>\n","protected":false},"excerpt":{"rendered":"<p>Os\u00a0ensaios para a Semana Santa\u00a0ter\u00e3o lugar nos seguintes dias: Quinta feira\u00a019\/03\u00a0\u00a0(21h) S\u00e1bado\u00a021\/03 (21h) Segunda feira 23\/03 (\u00a021h) Ter\u00e7a-feira 24\/03 (21h) Sexta-feira 27\/03\u00a0\u00a0(21h) Segunda\u00a030\/03\u00a0a Quarta 01\/04 (21h) Sexta 03\/04 (Depois da celebra\u00e7\u00e3o da Paix\u00e3o do Senhor) Reservem estes dias.<\/p>\n","protected":false},"author":3,"featured_media":0,"comment_status":"open","ping_status":"open","sticky":false,"template":"","format":"standard","meta":{"footnotes":""},"categories":[1],"tags":[],"class_list":["post-1616","post","type-post","status-publish","format-standard","hentry","category-uncategorized"],"_links":{"self":[{"href":"https:\/\/coro.paroquiabaixadabanheira.org\/index.php?rest_route=\/wp\/v2\/posts\/1616","targetHints":{"allow":["GET"]}}],"collection":[{"href":"https:\/\/coro.paroquiabaixadabanheira.org\/index.php?rest_route=\/wp\/v2\/posts"}],"about":[{"href":"https:\/\/coro.paroquiabaixadabanheira.org\/index.php?rest_route=\/wp\/v2\/types\/post"}],"author":[{"embeddable":true,"href":"https:\/\/coro.paroquiabaixadabanheira.org\/index.php?rest_route=\/wp\/v2\/users\/3"}],"replies":[{"embeddable":true,"href":"https:\/\/coro.paroquiabaixadabanheira.org\/index.php?rest_route=%2Fwp%2Fv2%2Fcomments&post=1616"}],"version-history":[{"count":4,"href":"https:\/\/coro.paroquiabaixadabanheira.org\/index.php?rest_route=\/wp\/v2\/posts\/1616\/revisions"}],"predecessor-version":[{"id":1646,"href":"https:\/\/coro.paroquiabaixadabanheira.org\/index.php?rest_route=\/wp\/v2\/posts\/1616\/revisions\/1646"}],"wp:attachment":[{"href":"https:\/\/coro.paroquiabaixadabanheira.org\/index.php?rest_route=%2Fwp%2Fv2%2Fmedia&parent=1616"}],"wp:term":[{"taxonomy":"category","embeddable":true,"href":"https:\/\/coro.paroquiabaixadabanheira.org\/index.php?rest_route=%2Fwp%2Fv2%2Fcategories&post=1616"},{"taxonomy":"post_tag","embeddable":true,"href":"https:\/\/coro.paroquiabaixadabanheira.org\/index.php?rest_route=%2Fwp%2Fv2%2Ftags&post=1616"}],"curies":[{"name":"wp","href":"https:\/\/api.w.org\/{rel}","templated":true}]}}