{"id":1618,"date":"2015-03-12T01:00:36","date_gmt":"2015-03-12T01:00:36","guid":{"rendered":"http:\/\/coro.paroquiabaixadabanheira.org\/?p=1618"},"modified":"2015-03-12T01:03:35","modified_gmt":"2015-03-12T01:03:35","slug":"domingo-iv-da-quaresma-6","status":"publish","type":"post","link":"https:\/\/coro.paroquiabaixadabanheira.org\/?p=1618","title":{"rendered":"Domingo IV da Quaresma"},"content":{"rendered":"<p><strong>C\u00e2nticos para o Domingo IV\u00a0Quaresma<\/strong>\u00a0<strong>Ano\u00a0B <\/strong>(<a href=\"http:\/\/www.portal.ecclesia.pt\/ecclesiaout\/liturgia\/liturgia_site\/lit_dia\/ano_a\/ld_anoa_ver.asp?cod_ano_a=18\">Liturgia<\/a>)<\/p>\n<p>Segundo o secretariado nacional da liturgia em vez das leituras do ano B, pode-se utilizar as leitura\u00a0do ano A, se for mais oportuno. Segundo decis\u00e3o do P\u00e1roco na eucaristia deste domingo vai-se utilizar as\u00a0leituras do ano A. Relembro que o ensaio \u00e9 s\u00e1bado dia 14\/03\/2015 \u00e1s 21h00. Nos dois artigos abaixo informam as datas dos ensaios para a semana santa e da forma\u00e7\u00e3o anual de coralistas\u00a0deste s\u00e1bado.<\/p>\n<ul>\n<li><strong>Entrada:<\/strong> <a href=\"http:\/\/coro.paroquiabaixadabanheira.org\/reportorio\/entrada\/povo.que.vais.ao.encontro.pdf\">Povo Que Vais ao Encontro<\/a><\/li>\n<li><strong>Momento Penitencial:<\/strong> <a href=\"http:\/\/coro.paroquiabaixadabanheira.org\/reportorio\/penitencial\/senhor.tende.piedade.2.pdf\">Senhor, Tende Piedade\u00a0T.Aragues<\/a><\/li>\n<li><strong>Salmo:<\/strong>\u00a022 (23) \u201cO Senhor \u00e9 meu pastor: nada me faltar\u00e1\u201d<\/li>\n<li><strong>Aclama\u00e7\u00e3o:<\/strong> <a href=\"http:\/\/coro.paroquiabaixadabanheira.org\/reportorio\/aclama\/louvor.gloria.vos.cartageno.pdf\">Louvor e Gl\u00f3ria a\u00a0V\u00f3s Cartageno<\/a>\u00a0 \u201cEu sou a luz do mundo, diz o Senhor. Quem Me segue ter\u00e1 a luz da vida.\u201d<\/li>\n<li><strong>Ofert\u00f3rio:<\/strong> <a href=\"http:\/\/coro.paroquiabaixadabanheira.org\/reportorio\/ofertorio\/meu.senhor.te.ofertamos.pdf\">Meu Senhor, Te Ofertamos<\/a><\/li>\n<li><strong>Santo:<\/strong> <a href=\"http:\/\/coro.paroquiabaixadabanheira.org\/reportorio\/santo\/santo.a.l.webber.pdf\">Santo\u00a0(A. Webber)<\/a><\/li>\n<li><strong>Cordeiro:<\/strong> <a href=\"http:\/\/coro.paroquiabaixadabanheira.org\/reportorio\/cordeiro\/cordeiro.aragues.pdf\">Cordeiro (Aragues)<\/a><\/li>\n<li><strong>Comunh\u00e3o:<\/strong> <a href=\"http:\/\/coro.paroquiabaixadabanheira.org\/reportorio\/comunhao\/o.bom.pastor.pdf\">O Bom Pastor<\/a><\/li>\n<li><strong>Ac\u00e7\u00e3o de Gra\u00e7as:<\/strong> <a href=\"http:\/\/coro.paroquiabaixadabanheira.org\/reportorio\/gracas\/na.nossa.escuridao.pdf\">Na nossa escurid\u00e3o<\/a><\/li>\n<li><strong>Final:<\/strong> <a href=\"http:\/\/coro.paroquiabaixadabanheira.org\/reportorio\/entrada\/caminhos.para.a.vida.pdf\">Caminhos Para a Vida<\/a><\/li>\n<\/ul>\n<p>Para trazer<\/p>\n<ul>\n<li><a href=\"http:\/\/coro.paroquiabaixadabanheira.org\/reportorio\/gloria\/gloria.2.vozes.pdf\">Gloria 2 Vozes<\/a><\/li>\n<li><a href=\"http:\/\/coro.paroquiabaixadabanheira.org\/reportorio\/cordeiro\/cordeiro.cartageno2.pdf\">Cordeiro\u00a02 Cartageno<\/a><\/li>\n<li><a href=\"http:\/\/coro.paroquiabaixadabanheira.org\/reportorio\/diversos\/senhor.jesus.pdf\">Senhor Jesus<\/a><\/li>\n<\/ul>\n","protected":false},"excerpt":{"rendered":"<p>C\u00e2nticos para o Domingo IV\u00a0Quaresma\u00a0Ano\u00a0B (Liturgia) Segundo o secretariado nacional da liturgia em vez das leituras do ano B, pode-se utilizar as leitura\u00a0do ano A, se for mais oportuno. Segundo decis\u00e3o do P\u00e1roco na eucaristia deste domingo vai-se utilizar as\u00a0leituras &hellip;<\/p>\n<p class=\"read-more\"> <a class=\"more-link\" href=\"https:\/\/coro.paroquiabaixadabanheira.org\/?p=1618\"> <span class=\"screen-reader-text\">Domingo IV da Quaresma<\/span> Read More &raquo;<\/a><\/p>\n","protected":false},"author":3,"featured_media":0,"comment_status":"open","ping_status":"open","sticky":false,"template":"","format":"standard","meta":{"footnotes":""},"categories":[3],"tags":[],"class_list":["post-1618","post","type-post","status-publish","format-standard","hentry","category-ensaios"],"_links":{"self":[{"href":"https:\/\/coro.paroquiabaixadabanheira.org\/index.php?rest_route=\/wp\/v2\/posts\/1618","targetHints":{"allow":["GET"]}}],"collection":[{"href":"https:\/\/coro.paroquiabaixadabanheira.org\/index.php?rest_route=\/wp\/v2\/posts"}],"about":[{"href":"https:\/\/coro.paroquiabaixadabanheira.org\/index.php?rest_route=\/wp\/v2\/types\/post"}],"author":[{"embeddable":true,"href":"https:\/\/coro.paroquiabaixadabanheira.org\/index.php?rest_route=\/wp\/v2\/users\/3"}],"replies":[{"embeddable":true,"href":"https:\/\/coro.paroquiabaixadabanheira.org\/index.php?rest_route=%2Fwp%2Fv2%2Fcomments&post=1618"}],"version-history":[{"count":4,"href":"https:\/\/coro.paroquiabaixadabanheira.org\/index.php?rest_route=\/wp\/v2\/posts\/1618\/revisions"}],"predecessor-version":[{"id":1621,"href":"https:\/\/coro.paroquiabaixadabanheira.org\/index.php?rest_route=\/wp\/v2\/posts\/1618\/revisions\/1621"}],"wp:attachment":[{"href":"https:\/\/coro.paroquiabaixadabanheira.org\/index.php?rest_route=%2Fwp%2Fv2%2Fmedia&parent=1618"}],"wp:term":[{"taxonomy":"category","embeddable":true,"href":"https:\/\/coro.paroquiabaixadabanheira.org\/index.php?rest_route=%2Fwp%2Fv2%2Fcategories&post=1618"},{"taxonomy":"post_tag","embeddable":true,"href":"https:\/\/coro.paroquiabaixadabanheira.org\/index.php?rest_route=%2Fwp%2Fv2%2Ftags&post=1618"}],"curies":[{"name":"wp","href":"https:\/\/api.w.org\/{rel}","templated":true}]}}