{"id":1628,"date":"2015-03-18T00:19:55","date_gmt":"2015-03-18T00:19:55","guid":{"rendered":"http:\/\/coro.paroquiabaixadabanheira.org\/?p=1628"},"modified":"2015-03-18T00:19:55","modified_gmt":"2015-03-18T00:19:55","slug":"canticos-para-a-semana-santa-9","status":"publish","type":"post","link":"https:\/\/coro.paroquiabaixadabanheira.org\/?p=1628","title":{"rendered":"C\u00e2nticos para a Semana Santa"},"content":{"rendered":"<h4>C\u00e2nticos para Quinta-feira Santa (<a href=\"http:\/\/www.portal.ecclesia.pt\/ecclesiaout\/liturgia\/liturgia_site\/lit_dia\/ano_b\/ld_anob_ver.asp?cod_ano_b=27\">Liturgia<\/a>)<\/h4>\n<ul>\n<li>Entrada:\u00a0<a href=\"http:\/\/coro.paroquiabaixadabanheira.org\/reportorio\/quaresma\/toda.a.nossa.gloria.pdf\">Toda a Nossa Gloria<\/a><\/li>\n<li>Momento Penitencial:\u00a0<a href=\"http:\/\/coro.paroquiabaixadabanheira.org\/reportorio\/penitencial\/tende.compaixao.pdf\">Tende Compaix\u00e3o<\/a><\/li>\n<li>Gl\u00f3ria:\u00a0<a href=\"http:\/\/coro.paroquiabaixadabanheira.org\/reportorio\/gloria\/gloria.2.vozes.pdf\">Gloria 2 Vozes<\/a><\/li>\n<li>Salmo:\u00a0<a href=\"http:\/\/coro.paroquiabaixadabanheira.org\/reportorio\/salmos\/quaresma.quinta.salmo.115.116.pdf\">Salmo 115,116<\/a>\u00a0 &#8221;\u00a0O c\u00e1lice de b\u00ean\u00e7\u00e3o \u00e9 comunh\u00e3o do Sangue de Cristo&#8221;<\/li>\n<li>Aclama\u00e7\u00e3o da Palavra:\u00a0<a href=\"http:\/\/coro.paroquiabaixadabanheira.org\/reportorio\/aclama\/louvor.gloria.vos.cartageno.pdf\">Louvor e Gl\u00f3ria a V\u00f3s Cartageno<\/a>\u00a0&#8220;Dou-vos um mandamento novo, diz o Senhor:<br \/>\nAmai-vos uns aos outros como Eu vos amei&#8221;<\/li>\n<li>Lava-P\u00e9s:\u00a0<a href=\"http:\/\/coro.paroquiabaixadabanheira.org\/reportorio\/quaresma\/douvos.um.mandamento.novo.pdf\">Dou-vos um Mandamento Novo<\/a><\/li>\n<li>Apresenta\u00e7\u00e3o dos Dons:\u00a0<a href=\"http:\/\/coro.paroquiabaixadabanheira.org\/reportorio\/ofertorio\/ubi.caritas.pdf\">Ubi Caritas<\/a><\/li>\n<li>Santo:\u00a0<a href=\"http:\/\/coro.paroquiabaixadabanheira.org\/reportorio\/santo\/santo.cartageno.pdf\">Santo cartageno<\/a><\/li>\n<li>Paz\/Cordeiro:\u00a0<a href=\"http:\/\/coro.paroquiabaixadabanheira.org\/reportorio\/cordeiro\/cordeiro.cartageno.pdf\">Cordeiro (A. Cartageno)<\/a>\u00a0ou <a href=\"http:\/\/coro.paroquiabaixadabanheira.org\/reportorio\/cordeiro\/cordeiro.cartageno2.pdf\">Cordeiro\u00a02 Cartageno<\/a><\/li>\n<li>Comunh\u00e3o:\u00a0<a href=\"http:\/\/coro.paroquiabaixadabanheira.org\/reportorio\/comunhao\/corpo.de.jesus.e.alimento.pdf\">O Corpo de Jesus \u00e9 Alimento<\/a><\/li>\n<li>Prociss\u00e3o do Sant\u00edssimo:\u00a0<a href=\"http:\/\/coro.paroquiabaixadabanheira.org\/reportorio\/quaresma\/pange.lingua.pdf\">Pange Lingua<\/a><\/li>\n<\/ul>\n<h4>C\u00e2nticos para Sexta-feira Santa (<a href=\"http:\/\/www.portal.ecclesia.pt\/ecclesiaout\/liturgia\/liturgia_site\/lit_dia\/ano_b\/ld_anob_ver.asp?cod_ano_b=28\">Liturgia<\/a>)<\/h4>\n<ul>\n<li>Entrada: (Em sil\u00eancio)<\/li>\n<li>Salmo:\u00a0<a href=\"http:\/\/coro.paroquiabaixadabanheira.org\/reportorio\/salmos\/quaresma.sexta.salmo.030.031.pdf\">Salmo 30,31<\/a>\u00a0&#8220;Pai, em vossas m\u00e3os entrego o meu esp\u00edrito&#8221;<\/li>\n<li>Aclama\u00e7\u00e3o da Palavra:\u00a0<a href=\"http:\/\/coro.paroquiabaixadabanheira.org\/reportorio\/aclama\/louvor.gloria.vos.cartageno.pdf\">Louvor e Gl\u00f3ria a V\u00f3s Cartageno<\/a>\u00a0 &#8220;Cristo obedeceu at\u00e9 \u00e0 morte e morte de cruz.<br \/>\nPor isso Deus O exaltou e Lhe deu um nome que est\u00e1 acima de todos os nomes&#8221;<\/li>\n<li>Adora\u00e7\u00e3o da Cruz:\u00a0<a href=\"http:\/\/coro.paroquiabaixadabanheira.org\/reportorio\/quaresma\/eis.o.madeiro.da.cruz.pdf\">Eis o Madeiro da Cruz<\/a><\/li>\n<li>Adora\u00e7\u00e3o da Cruz:\u00a0<a href=\"http:\/\/coro.paroquiabaixadabanheira.org\/reportorio\/quaresma\/per.crucem.pdf\">Per Crucem (Taize)<\/a><\/li>\n<li>Adora\u00e7\u00e3o da Cruz:\u00a0<a href=\"http:\/\/coro.paroquiabaixadabanheira.org\/reportorio\/quaresma\/povo.meu.que.te.fiz.eu.pdf\">Povo Meu, Que Te Fiz Eu<\/a><\/li>\n<li>Adora\u00e7\u00e3o da Cruz:\u00a0<a href=\"http:\/\/coro.paroquiabaixadabanheira.org\/reportorio\/quaresma\/por.nosso.amor.pdf\">Por Nosso Amor<\/a><\/li>\n<li>Comunh\u00e3o:\u00a0<a href=\"http:\/\/coro.paroquiabaixadabanheira.org\/reportorio\/comunhao\/corpo.de.jesus.e.alimento.pdf\">O Corpo de Jesus \u00e9 Alimento<\/a><\/li>\n<\/ul>\n","protected":false},"excerpt":{"rendered":"<p>C\u00e2nticos para Quinta-feira Santa (Liturgia) Entrada:\u00a0Toda a Nossa Gloria Momento Penitencial:\u00a0Tende Compaix\u00e3o Gl\u00f3ria:\u00a0Gloria 2 Vozes Salmo:\u00a0Salmo 115,116\u00a0 &#8221;\u00a0O c\u00e1lice de b\u00ean\u00e7\u00e3o \u00e9 comunh\u00e3o do Sangue de Cristo&#8221; Aclama\u00e7\u00e3o da Palavra:\u00a0Louvor e Gl\u00f3ria a V\u00f3s Cartageno\u00a0&#8220;Dou-vos um mandamento novo, diz o &hellip;<\/p>\n<p class=\"read-more\"> <a class=\"more-link\" href=\"https:\/\/coro.paroquiabaixadabanheira.org\/?p=1628\"> <span class=\"screen-reader-text\">C\u00e2nticos para a Semana Santa<\/span> Read More &raquo;<\/a><\/p>\n","protected":false},"author":3,"featured_media":0,"comment_status":"open","ping_status":"open","sticky":false,"template":"","format":"standard","meta":{"footnotes":""},"categories":[3],"tags":[],"class_list":["post-1628","post","type-post","status-publish","format-standard","hentry","category-ensaios"],"_links":{"self":[{"href":"https:\/\/coro.paroquiabaixadabanheira.org\/index.php?rest_route=\/wp\/v2\/posts\/1628","targetHints":{"allow":["GET"]}}],"collection":[{"href":"https:\/\/coro.paroquiabaixadabanheira.org\/index.php?rest_route=\/wp\/v2\/posts"}],"about":[{"href":"https:\/\/coro.paroquiabaixadabanheira.org\/index.php?rest_route=\/wp\/v2\/types\/post"}],"author":[{"embeddable":true,"href":"https:\/\/coro.paroquiabaixadabanheira.org\/index.php?rest_route=\/wp\/v2\/users\/3"}],"replies":[{"embeddable":true,"href":"https:\/\/coro.paroquiabaixadabanheira.org\/index.php?rest_route=%2Fwp%2Fv2%2Fcomments&post=1628"}],"version-history":[{"count":5,"href":"https:\/\/coro.paroquiabaixadabanheira.org\/index.php?rest_route=\/wp\/v2\/posts\/1628\/revisions"}],"predecessor-version":[{"id":1633,"href":"https:\/\/coro.paroquiabaixadabanheira.org\/index.php?rest_route=\/wp\/v2\/posts\/1628\/revisions\/1633"}],"wp:attachment":[{"href":"https:\/\/coro.paroquiabaixadabanheira.org\/index.php?rest_route=%2Fwp%2Fv2%2Fmedia&parent=1628"}],"wp:term":[{"taxonomy":"category","embeddable":true,"href":"https:\/\/coro.paroquiabaixadabanheira.org\/index.php?rest_route=%2Fwp%2Fv2%2Fcategories&post=1628"},{"taxonomy":"post_tag","embeddable":true,"href":"https:\/\/coro.paroquiabaixadabanheira.org\/index.php?rest_route=%2Fwp%2Fv2%2Ftags&post=1628"}],"curies":[{"name":"wp","href":"https:\/\/api.w.org\/{rel}","templated":true}]}}