{"id":1634,"date":"2015-03-22T17:49:03","date_gmt":"2015-03-22T17:49:03","guid":{"rendered":"http:\/\/coro.paroquiabaixadabanheira.org\/?p=1634"},"modified":"2015-03-31T23:44:14","modified_gmt":"2015-03-31T23:44:14","slug":"vigilia-pascal-3","status":"publish","type":"post","link":"https:\/\/coro.paroquiabaixadabanheira.org\/?p=1634","title":{"rendered":"V\u00edgilia Pascal"},"content":{"rendered":"<h4>C\u00e2nticos para a Vig\u00edlia Pascal (<a href=\"http:\/\/www.portal.ecclesia.pt\/ecclesiaout\/liturgia\/liturgia_site\/lit_dia\/ano_b\/ld_anob_ver.asp?cod_ano_b=29\">Liturgia<\/a>)<\/h4>\n<p>Celebra\u00e7\u00e3o da Luz<\/p>\n<ul>\n<li>Entrada da Luz:\u00a0<a href=\"http:\/\/coro.paroquiabaixadabanheira.org\/reportorio\/pascoa\/eis.a.luz.de.cristo.pdf\">Eis a Luz de Cristo<\/a><\/li>\n<li>Entrada da Luz:\u00a0<a title=\"Taiz\u00e9\" href=\"http:\/\/coro.paroquiabaixadabanheira.org\/reportorio\/pascoa\/a.luz.de.cristo.pdf\">A Luz de Cristo<\/a><\/li>\n<li>An\u00fancio da P\u00e1scoa:\u00a0<a href=\"http:\/\/coro.paroquiabaixadabanheira.org\/reportorio\/pascoa\/preconio.pdf\">Preg\u00e3o Pascal<\/a><\/li>\n<\/ul>\n<p>Celebra\u00e7\u00e3o da Palavra<\/p>\n<ul>\n<li>Salmo 1:\u00a0<a href=\"http:\/\/coro.paroquiabaixadabanheira.org\/reportorio\/salmos\/vigilia.pascal.salmo.032.033.pdf\">Salmo 32\u201333<\/a><\/li>\n<li>Salmo 2:\u00a0<a href=\"http:\/\/coro.paroquiabaixadabanheira.org\/reportorio\/salmos\/vigilia.pascal.exodo.15.pdf\">Ex\u00f4do 15<\/a><\/li>\n<li>Salmo 3: Is. 12 \u201cDas fontes da salva\u00e7\u00e3o, saciai-vos na alegria.\u201d<\/li>\n<li>Salmo 4:\u00a0<a href=\"http:\/\/coro.paroquiabaixadabanheira.org\/reportorio\/salmos\/vigilia.pascal.salmo.041.pdf\">Salmo 41<\/a><\/li>\n<li>Gl\u00f3ria:\u00a0<a href=\"http:\/\/coro.paroquiabaixadabanheira.org\/reportorio\/gloria\/gloria.2.vozes.pdf\">Gloria 2 Vozes<\/a><\/li>\n<li>Aleluia:\u00a0<a href=\"http:\/\/coro.paroquiabaixadabanheira.org\/reportorio\/pascoa\/aleluia.pascal.vigilia.pdf\">Aleluia Pascal \u2013 Vigilia<\/a><\/li>\n<li>Ap\u00f3s o Evangelho:\u00a0<a href=\"http:\/\/coro.paroquiabaixadabanheira.org\/reportorio\/pascoa\/ressuscitou.pdf\">Resssuscitou<\/a><\/li>\n<\/ul>\n<p>Celebra\u00e7\u00e3o da \u00c1gua (Baptismos)<\/p>\n<ul>\n<li>Ladainhas:\u00a0<a href=\"http:\/\/coro.paroquiabaixadabanheira.org\/reportorio\/pascoa\/ladainhas.pdf\">Ladainhas<\/a><\/li>\n<li>Baptismos:\u00a0<a href=\"http:\/\/coro.paroquiabaixadabanheira.org\/reportorio\/quaresma\/bendiz.a.minha.alma.o.senhor.pdf\">Bendiz a Minha Alma o Senhor<\/a><\/li>\n<li>Un\u00e7\u00e3o do Crisma: <a title=\"Taiz\u00e9\" href=\"http:\/\/coro.paroquiabaixadabanheira.org\/reportorio\/baptismo\/tu.es.fonte.de.vida.pdf\">Tu \u00c9s Fonte de Vida<\/a><\/li>\n<li>Veste branca: <a href=\"http:\/\/coro.paroquiabaixadabanheira.org\/reportorio\/baptismo\/vos.que.fostes.baptizados.pdf\">V\u00f3s que Fostes Baptizados<\/a><\/li>\n<li>Luz: <a href=\"http:\/\/coro.paroquiabaixadabanheira.org\/reportorio\/gracas\/na.nossa.escuridao.pdf\">Na nossa escurid\u00e3o<\/a><\/li>\n<li>Luz: <a title=\"Taiz\u00e9\" href=\"http:\/\/coro.paroquiabaixadabanheira.org\/reportorio\/diversos\/senhor.jesus.pdf\">Senhor Jesus, Tu \u00c9s Luz do Mundo<\/a><\/li>\n<\/ul>\n<p>Celebra\u00e7\u00e3o da Eucaristia<\/p>\n<ul>\n<li>Ofert\u00f3rio: <a href=\"http:\/\/coro.paroquiabaixadabanheira.org\/reportorio\/pascoa\/deus.venceu.a.morte.pdf\">Deus Venceu a Morte<\/a><\/li>\n<li>Santo:\u00a0<a href=\"http:\/\/coro.paroquiabaixadabanheira.org\/reportorio\/santo\/santo.psallite.pdf\">Santo (Ac\u00edlio Mendes)<\/a><\/li>\n<li>Pai-Nosso:\u00a0<a href=\"http:\/\/coro.paroquiabaixadabanheira.org\/reportorio\/painosso\/pai.nosso.2.vozes.pdf\">Pai Nosso (L. Almeida)<\/a><\/li>\n<li>Paz\/Cordeiro: <a href=\"http:\/\/coro.paroquiabaixadabanheira.org\/reportorio\/cordeiro\/proclama.o.teu.senhor.pdf\">Proclama o teu senhor<\/a><\/li>\n<li>Comunh\u00e3o: <a href=\"http:\/\/coro.paroquiabaixadabanheira.org\/reportorio\/pascoa\/como.o.grao.de.semente.pdf\">Como o Gr\u00e3o de Semente<\/a><\/li>\n<li>Final: <a href=\"http:\/\/coro.paroquiabaixadabanheira.org\/reportorio\/pascoa\/porque.ele.vive.pdf\">Porque Ele Vive<\/a><\/li>\n<\/ul>\n<h4>C\u00e2nticos para o Domingo de P\u00e1scoa (<a href=\"http:\/\/www.portal.ecclesia.pt\/ecclesiaout\/liturgia\/liturgia_site\/lit_dia\/ano_b\/ld_anob_ver.asp?cod_ano_b=30\">Liturgia<\/a>)<\/h4>\n<ul>\n<li>Entrada: <a href=\"http:\/\/coro.paroquiabaixadabanheira.org\/reportorio\/pascoa\/jesus.cristo.venceu.a.morte.pdf\">Jesus Cristo Venceu a Morte<\/a><\/li>\n<li>M. Penitencial: <a href=\"http:\/\/coro.paroquiabaixadabanheira.org\/reportorio\/penitencial\/senhor.tende.piedade.2.pdf\">Senhor, Tende Piedade\u00a0(Tom\u00e1s de Aragues)<\/a><\/li>\n<li>Aspers\u00e3o: <a title=\"Taiz\u00e9\" href=\"http:\/\/coro.paroquiabaixadabanheira.org\/reportorio\/baptismo\/tu.es.fonte.de.vida.pdf\">Tu \u00c9s Fonte de Vida<\/a><\/li>\n<li>Gl\u00f3ria:\u00a0<a href=\"http:\/\/coro.paroquiabaixadabanheira.org\/reportorio\/gloria\/gloria.2.vozes.pdf\">Gloria 2 Vozes<\/a><\/li>\n<li>Salmo:\u00a0<a href=\"http:\/\/coro.paroquiabaixadabanheira.org\/reportorio\/salmos\/pascoa.01.salmo.117.118.pdf\">Salmo 117\u2013118<\/a><\/li>\n<li>Aleluia:\u00a0<a href=\"http:\/\/coro.paroquiabaixadabanheira.org\/reportorio\/pascoa\/aleluia.pascal.pdf\">Aleluia Pascal<\/a><\/li>\n<li>Baptismo: <a href=\"http:\/\/coro.paroquiabaixadabanheira.org\/reportorio\/quaresma\/bendiz.a.minha.alma.o.senhor.pdf\">Bendiz a Minha Alma o Senhor<\/a><\/li>\n<li>Un\u00e7\u00e3o do Crisma: <a title=\"Taiz\u00e9\" href=\"http:\/\/coro.paroquiabaixadabanheira.org\/reportorio\/baptismo\/tu.es.fonte.de.vida.pdf\">Tu \u00c9s Fonte de Vida<\/a><\/li>\n<li>Veste branca: <a href=\"http:\/\/coro.paroquiabaixadabanheira.org\/reportorio\/baptismo\/vos.que.fostes.baptizados.pdf\">V\u00f3s que Fostes Baptizados<\/a><\/li>\n<li>Luz: <a href=\"http:\/\/coro.paroquiabaixadabanheira.org\/reportorio\/gracas\/na.nossa.escuridao.pdf\">Na nossa escurid\u00e3o<\/a><\/li>\n<li>Luz: <a title=\"Taiz\u00e9\" href=\"http:\/\/coro.paroquiabaixadabanheira.org\/reportorio\/diversos\/senhor.jesus.pdf\">Senhor Jesus, Tu \u00c9s Luz do Mundo<\/a><\/li>\n<li>Ofert\u00f3rio: <a href=\"http:\/\/coro.paroquiabaixadabanheira.org\/reportorio\/pascoa\/deus.venceu.a.morte.pdf\">Deus Venceu a Morte<\/a><\/li>\n<li>Santo:\u00a0<a href=\"http:\/\/coro.paroquiabaixadabanheira.org\/reportorio\/santo\/santo.psallite.pdf\">Santo (Ac\u00edlio Mendes)<\/a><\/li>\n<li>Pai-Nosso: <a href=\"http:\/\/coro.paroquiabaixadabanheira.org\/reportorio\/painosso\/pai.nosso.2.vozes.pdf\">Pai Nosso (L. Almeida)<\/a><\/li>\n<li>Paz\/Cordeiro: <a href=\"http:\/\/coro.paroquiabaixadabanheira.org\/reportorio\/cordeiro\/proclama.o.teu.senhor.pdf\">Proclama o teu senhor<\/a><\/li>\n<li>Comunh\u00e3o: <a href=\"http:\/\/coro.paroquiabaixadabanheira.org\/reportorio\/pascoa\/como.o.grao.de.semente.pdf\">Como o Gr\u00e3o de Semente<\/a><\/li>\n<li>Final:\u00a0<a href=\"http:\/\/coro.paroquiabaixadabanheira.org\/reportorio\/pascoa\/ressuscitou.pdf\">Resssuscitou<\/a><\/li>\n<\/ul>\n","protected":false},"excerpt":{"rendered":"<p>C\u00e2nticos para a Vig\u00edlia Pascal (Liturgia) Celebra\u00e7\u00e3o da Luz Entrada da Luz:\u00a0Eis a Luz de Cristo Entrada da Luz:\u00a0A Luz de Cristo An\u00fancio da P\u00e1scoa:\u00a0Preg\u00e3o Pascal Celebra\u00e7\u00e3o da Palavra Salmo 1:\u00a0Salmo 32\u201333 Salmo 2:\u00a0Ex\u00f4do 15 Salmo 3: Is. 12 \u201cDas &hellip;<\/p>\n<p class=\"read-more\"> <a class=\"more-link\" href=\"https:\/\/coro.paroquiabaixadabanheira.org\/?p=1634\"> <span class=\"screen-reader-text\">V\u00edgilia Pascal<\/span> Read More &raquo;<\/a><\/p>\n","protected":false},"author":3,"featured_media":0,"comment_status":"open","ping_status":"open","sticky":false,"template":"","format":"standard","meta":{"footnotes":""},"categories":[3],"tags":[],"class_list":["post-1634","post","type-post","status-publish","format-standard","hentry","category-ensaios"],"_links":{"self":[{"href":"https:\/\/coro.paroquiabaixadabanheira.org\/index.php?rest_route=\/wp\/v2\/posts\/1634","targetHints":{"allow":["GET"]}}],"collection":[{"href":"https:\/\/coro.paroquiabaixadabanheira.org\/index.php?rest_route=\/wp\/v2\/posts"}],"about":[{"href":"https:\/\/coro.paroquiabaixadabanheira.org\/index.php?rest_route=\/wp\/v2\/types\/post"}],"author":[{"embeddable":true,"href":"https:\/\/coro.paroquiabaixadabanheira.org\/index.php?rest_route=\/wp\/v2\/users\/3"}],"replies":[{"embeddable":true,"href":"https:\/\/coro.paroquiabaixadabanheira.org\/index.php?rest_route=%2Fwp%2Fv2%2Fcomments&post=1634"}],"version-history":[{"count":4,"href":"https:\/\/coro.paroquiabaixadabanheira.org\/index.php?rest_route=\/wp\/v2\/posts\/1634\/revisions"}],"predecessor-version":[{"id":1649,"href":"https:\/\/coro.paroquiabaixadabanheira.org\/index.php?rest_route=\/wp\/v2\/posts\/1634\/revisions\/1649"}],"wp:attachment":[{"href":"https:\/\/coro.paroquiabaixadabanheira.org\/index.php?rest_route=%2Fwp%2Fv2%2Fmedia&parent=1634"}],"wp:term":[{"taxonomy":"category","embeddable":true,"href":"https:\/\/coro.paroquiabaixadabanheira.org\/index.php?rest_route=%2Fwp%2Fv2%2Fcategories&post=1634"},{"taxonomy":"post_tag","embeddable":true,"href":"https:\/\/coro.paroquiabaixadabanheira.org\/index.php?rest_route=%2Fwp%2Fv2%2Ftags&post=1634"}],"curies":[{"name":"wp","href":"https:\/\/api.w.org\/{rel}","templated":true}]}}