{"id":1637,"date":"2015-03-26T14:40:25","date_gmt":"2015-03-26T14:40:25","guid":{"rendered":"http:\/\/coro.paroquiabaixadabanheira.org\/?p=1637"},"modified":"2015-03-26T14:40:25","modified_gmt":"2015-03-26T14:40:25","slug":"domingo-de-ramos-paixao-do-senhor","status":"publish","type":"post","link":"https:\/\/coro.paroquiabaixadabanheira.org\/?p=1637","title":{"rendered":"Domingo de Ramos &#8211; Paix\u00e3o do Senhor"},"content":{"rendered":"<p><strong>C\u00e2nticos para o Domingo de Ramos &#8211; Paix\u00e3o do Senhor<\/strong><strong>\u00a0<\/strong>(<a href=\"http:\/\/www.portal.ecclesia.pt\/ecclesiaout\/liturgia\/liturgia_site\/lit_dia\/ano_b\/ld_anob_ver.asp?cod_ano_b=26\">Liturgia<\/a>)<\/p>\n<p>Relembro que o ensaio para domingo, ser\u00e1 no s\u00e1bado \u00e0s 21h.<\/p>\n<ul>\n<li><strong>Entrada:<\/strong>\u00a0<a href=\"http:\/\/coro.paroquiabaixadabanheira.org\/reportorio\/diversos\/hossana.pdf\">Hossana nas Alturas<\/a><a href=\"http:\/\/coro.paroquiabaixadabanheira.org\/reportorio\/quaresma\/caminha.povo.de.deus.pdf\"><br \/>\n<\/a><\/li>\n<li><strong>Momento Penitencial:<\/strong>\u00a0<a href=\"http:\/\/coro.paroquiabaixadabanheira.org\/reportorio\/penitencial\/senhor.tende.piedade.2.pdf\">Senhor, Tende Piedade\u00a0T.Aragues<\/a><a href=\"http:\/\/coro.paroquiabaixadabanheira.org\/reportorio\/penitencial\/misericordia.pdf\"><br \/>\n<\/a><\/li>\n<li><strong>Salmo: <\/strong>21(22) &#8220;Meu Deus, meu Deus, porque me abandonastes?&#8221;<\/li>\n<li><strong>Aclama\u00e7\u00e3o:<\/strong>\u00a0<a href=\"http:\/\/coro.paroquiabaixadabanheira.org\/reportorio\/aclama\/louvor.gloria.vos.cartageno.pdf\">Louvor e Gl\u00f3ria a V\u00f3s Cartageno<\/a>\u00a0:<br \/>\n&#8221; Cristo obedeceu at\u00e9 a morte e morte de cruz.<br \/>\nPor isso Deus O exaltou e Lhe deu um nome que est\u00e1 acima de todos os nomes.&#8221;<\/li>\n<li><strong>Apresenta\u00e7\u00e3o dos dons:<\/strong>\u00a0<a href=\"http:\/\/coro.paroquiabaixadabanheira.org\/reportorio\/ofertorio\/oracao.santo.inacio.pdf\">Ora\u00e7\u00e3o de Santo In\u00e1cio<\/a><\/li>\n<li><strong>Santo:<\/strong>\u00a0<a href=\"http:\/\/coro.paroquiabaixadabanheira.org\/reportorio\/santo\/santo.a.l.webber.pdf\">Santo (A. Webber)<\/a><\/li>\n<li><strong>Cordeiro:<\/strong>\u00a0<a href=\"http:\/\/coro.paroquiabaixadabanheira.org\/reportorio\/cordeiro\/cordeiro.olindo.marques.pdf\">Cordeiro (Olindo Marques)<\/a><a href=\"http:\/\/coro.paroquiabaixadabanheira.org\/reportorio\/cordeiro\/cordeiro.aragues.pdf\"><br \/>\n<\/a><\/li>\n<li><strong>Comunh\u00e3o:<\/strong>\u00a0<a href=\"http:\/\/cancioneiro.paroquia-sppv.pt\/04\/04.15_Eu_desejei_ardentemente.pdf\">Eu Desejei Ardentemente<\/a><\/li>\n<li><strong>Final:<\/strong>\u00a0<a href=\"http:\/\/coro.paroquiabaixadabanheira.org\/reportorio\/diversos\/o.senhor.e.meu.pastor.pdf\">O Senhor \u00e9 Meu Pastor<\/a><a href=\"http:\/\/coro.paroquiabaixadabanheira.org\/reportorio\/quaresma\/no.senhor.pus.a.minha.esperanca.pdf\"><br \/>\n<\/a><\/li>\n<\/ul>\n","protected":false},"excerpt":{"rendered":"<p>C\u00e2nticos para o Domingo de Ramos &#8211; Paix\u00e3o do Senhor\u00a0(Liturgia) Relembro que o ensaio para domingo, ser\u00e1 no s\u00e1bado \u00e0s 21h. Entrada:\u00a0Hossana nas Alturas Momento Penitencial:\u00a0Senhor, Tende Piedade\u00a0T.Aragues Salmo: 21(22) &#8220;Meu Deus, meu Deus, porque me abandonastes?&#8221; Aclama\u00e7\u00e3o:\u00a0Louvor e Gl\u00f3ria &hellip;<\/p>\n<p class=\"read-more\"> <a class=\"more-link\" href=\"https:\/\/coro.paroquiabaixadabanheira.org\/?p=1637\"> <span class=\"screen-reader-text\">Domingo de Ramos &#8211; Paix\u00e3o do Senhor<\/span> Read More &raquo;<\/a><\/p>\n","protected":false},"author":1,"featured_media":0,"comment_status":"open","ping_status":"open","sticky":false,"template":"","format":"standard","meta":{"footnotes":""},"categories":[3],"tags":[],"class_list":["post-1637","post","type-post","status-publish","format-standard","hentry","category-ensaios"],"_links":{"self":[{"href":"https:\/\/coro.paroquiabaixadabanheira.org\/index.php?rest_route=\/wp\/v2\/posts\/1637","targetHints":{"allow":["GET"]}}],"collection":[{"href":"https:\/\/coro.paroquiabaixadabanheira.org\/index.php?rest_route=\/wp\/v2\/posts"}],"about":[{"href":"https:\/\/coro.paroquiabaixadabanheira.org\/index.php?rest_route=\/wp\/v2\/types\/post"}],"author":[{"embeddable":true,"href":"https:\/\/coro.paroquiabaixadabanheira.org\/index.php?rest_route=\/wp\/v2\/users\/1"}],"replies":[{"embeddable":true,"href":"https:\/\/coro.paroquiabaixadabanheira.org\/index.php?rest_route=%2Fwp%2Fv2%2Fcomments&post=1637"}],"version-history":[{"count":4,"href":"https:\/\/coro.paroquiabaixadabanheira.org\/index.php?rest_route=\/wp\/v2\/posts\/1637\/revisions"}],"predecessor-version":[{"id":1647,"href":"https:\/\/coro.paroquiabaixadabanheira.org\/index.php?rest_route=\/wp\/v2\/posts\/1637\/revisions\/1647"}],"wp:attachment":[{"href":"https:\/\/coro.paroquiabaixadabanheira.org\/index.php?rest_route=%2Fwp%2Fv2%2Fmedia&parent=1637"}],"wp:term":[{"taxonomy":"category","embeddable":true,"href":"https:\/\/coro.paroquiabaixadabanheira.org\/index.php?rest_route=%2Fwp%2Fv2%2Fcategories&post=1637"},{"taxonomy":"post_tag","embeddable":true,"href":"https:\/\/coro.paroquiabaixadabanheira.org\/index.php?rest_route=%2Fwp%2Fv2%2Ftags&post=1637"}],"curies":[{"name":"wp","href":"https:\/\/api.w.org\/{rel}","templated":true}]}}