{"id":1664,"date":"2015-04-19T19:53:06","date_gmt":"2015-04-19T19:53:06","guid":{"rendered":"http:\/\/coro.paroquiabaixadabanheira.org\/?p=1664"},"modified":"2015-04-20T23:09:36","modified_gmt":"2015-04-20T23:09:36","slug":"mes-de-maria","status":"publish","type":"post","link":"https:\/\/coro.paroquiabaixadabanheira.org\/?p=1664","title":{"rendered":"M\u00eas de Maria"},"content":{"rendered":"<div>No dia 1 de Maio inicia-se o M\u00eas de Maria.<\/div>\n<div>Nesse\u00a0mesmo dia pelas 21h ir\u00e1\u00a0celebrar-se a recita\u00e7\u00e3o do ter\u00e7o. O\u00a0coro est\u00e1 respons\u00e1vel pela\u00a0organiza\u00e7\u00e3o e por isso deveremos estar todos presentes.<\/div>\n<div>Nos pr\u00f3ximos ensaios dever\u00e3o trazer as seguintes musicas:<\/div>\n<div><\/div>\n<ul>\n<li><a href=\"http:\/\/coro.paroquiabaixadabanheira.org\/reportorio\/maria\/bendizemos.o.teu.nome.pdf\">Bendizemos o Teu Nome<\/a><\/li>\n<li><a href=\"http:\/\/coro.paroquiabaixadabanheira.org\/reportorio\/maria\/senhora.nos.vos.cantamos.pdf\">Senhora, n\u00f3s vos cantamos<\/a><\/li>\n<li><a href=\"http:\/\/coro.paroquiabaixadabanheira.org\/reportorio\/maria\/mae.do.povo.pdf\">M\u00e3e do Povo<\/a><\/li>\n<li><a href=\"http:\/\/coro.paroquiabaixadabanheira.org\/reportorio\/maria\/maria.de.nazare.pdf\">Maria de Nazar\u00e9<\/a><\/li>\n<li><a href=\"http:\/\/coro.paroquiabaixadabanheira.org\/reportorio\/maria\/ave.maria.gratia.plena.pdf\">Gratia Plena<\/a><\/li>\n<\/ul>\n","protected":false},"excerpt":{"rendered":"<p>No dia 1 de Maio inicia-se o M\u00eas de Maria. Nesse\u00a0mesmo dia pelas 21h ir\u00e1\u00a0celebrar-se a recita\u00e7\u00e3o do ter\u00e7o. O\u00a0coro est\u00e1 respons\u00e1vel pela\u00a0organiza\u00e7\u00e3o e por isso deveremos estar todos presentes. Nos pr\u00f3ximos ensaios dever\u00e3o trazer as seguintes musicas: Bendizemos o &hellip;<\/p>\n<p class=\"read-more\"> <a class=\"more-link\" href=\"https:\/\/coro.paroquiabaixadabanheira.org\/?p=1664\"> <span class=\"screen-reader-text\">M\u00eas de Maria<\/span> Read More &raquo;<\/a><\/p>\n","protected":false},"author":3,"featured_media":0,"comment_status":"open","ping_status":"open","sticky":false,"template":"","format":"standard","meta":{"footnotes":""},"categories":[1],"tags":[],"class_list":["post-1664","post","type-post","status-publish","format-standard","hentry","category-uncategorized"],"_links":{"self":[{"href":"https:\/\/coro.paroquiabaixadabanheira.org\/index.php?rest_route=\/wp\/v2\/posts\/1664","targetHints":{"allow":["GET"]}}],"collection":[{"href":"https:\/\/coro.paroquiabaixadabanheira.org\/index.php?rest_route=\/wp\/v2\/posts"}],"about":[{"href":"https:\/\/coro.paroquiabaixadabanheira.org\/index.php?rest_route=\/wp\/v2\/types\/post"}],"author":[{"embeddable":true,"href":"https:\/\/coro.paroquiabaixadabanheira.org\/index.php?rest_route=\/wp\/v2\/users\/3"}],"replies":[{"embeddable":true,"href":"https:\/\/coro.paroquiabaixadabanheira.org\/index.php?rest_route=%2Fwp%2Fv2%2Fcomments&post=1664"}],"version-history":[{"count":3,"href":"https:\/\/coro.paroquiabaixadabanheira.org\/index.php?rest_route=\/wp\/v2\/posts\/1664\/revisions"}],"predecessor-version":[{"id":1668,"href":"https:\/\/coro.paroquiabaixadabanheira.org\/index.php?rest_route=\/wp\/v2\/posts\/1664\/revisions\/1668"}],"wp:attachment":[{"href":"https:\/\/coro.paroquiabaixadabanheira.org\/index.php?rest_route=%2Fwp%2Fv2%2Fmedia&parent=1664"}],"wp:term":[{"taxonomy":"category","embeddable":true,"href":"https:\/\/coro.paroquiabaixadabanheira.org\/index.php?rest_route=%2Fwp%2Fv2%2Fcategories&post=1664"},{"taxonomy":"post_tag","embeddable":true,"href":"https:\/\/coro.paroquiabaixadabanheira.org\/index.php?rest_route=%2Fwp%2Fv2%2Ftags&post=1664"}],"curies":[{"name":"wp","href":"https:\/\/api.w.org\/{rel}","templated":true}]}}