{"id":1760,"date":"2015-10-21T23:57:12","date_gmt":"2015-10-21T23:57:12","guid":{"rendered":"http:\/\/coro.paroquiabaixadabanheira.org\/?p=1760"},"modified":"2016-10-19T22:50:09","modified_gmt":"2016-10-19T22:50:09","slug":"domingo-xxx-do-tempo-comum-6","status":"publish","type":"post","link":"https:\/\/coro.paroquiabaixadabanheira.org\/?p=1760","title":{"rendered":"Domingo XXX do Tempo Comum"},"content":{"rendered":"<p><strong>C\u00e2nticos para o Domingo XXX do Tempo Comum\u2013 Ano B<\/strong>\u00a0(<a href=\"http:\/\/www.portal.ecclesia.pt\/ecclesiaout\/liturgia\/liturgia_site\/lit_dia\/ano_b\/ld_anob_ver.asp?cod_ano_b=61\">Liturgia<\/a>)<\/p>\n<ul>\n<li>Entrada: <a href=\"http:\/\/coro.paroquiabaixadabanheira.org\/reportorio\/entrada\/alegrese.o.coracao.pdf\">Alegre-se o cora\u00e7\u00e3o<\/a><\/li>\n<li>M. Penitencial: <a href=\"http:\/\/coro.paroquiabaixadabanheira.org\/reportorio\/penitencial\/senhor.tende.piedade.pdf\">Senhor, Tende Piedade (Godespell)<\/a><\/li>\n<li>Salmo:\u00a0125 (126) \u201cO Senhor fez maravilhas em favor do seu povo.\u201d<\/li>\n<li>Aleluia: <a href=\"http:\/\/coro.paroquiabaixadabanheira.org\/reportorio\/aclama\/aleluia.carlos.silva1.pdf\">Aleluia (Carlos Silva)<\/a>\u00a0<strong>&#8220;Jesus Cristo, nosso Salvador, destruiu a morte:<\/strong><br \/>\n<strong>e fez brilhar a vida por meio do Evangelho&#8221;<\/strong><\/li>\n<li>Apresenta\u00e7\u00e3o dos Dons: <a href=\"http:\/\/coro.paroquiabaixadabanheira.org\/reportorio\/ofertorio\/minha.vida.tem.sentido.pdf\">Minha vida tem sentido<\/a><\/li>\n<li>Santo: <a href=\"http:\/\/coro.paroquiabaixadabanheira.org\/reportorio\/santo\/santo.ferreira.santos.pdf\">Santo Ferreira dos Santos<\/a><\/li>\n<li>Cordeiro: <a href=\"http:\/\/coro.paroquiabaixadabanheira.org\/reportorio\/cordeiro\/cordeiro.cartageno.pdf\">Cordeiro (A. Cartageno)<\/a><\/li>\n<li>Comunh\u00e3o: <a href=\"http:\/\/coro.paroquiabaixadabanheira.org\/reportorio\/comunhao\/eu.vim.para.que.tenham.vida.pdf\">Eu Vim para que tenham Vida<\/a><\/li>\n<li>Ac\u00e7\u00e3o de Gra\u00e7as: <a href=\"http:\/\/coro.paroquiabaixadabanheira.org\/reportorio\/gracas\/deus.de.amor.pdf\">Deus de Amor<\/a><\/li>\n<li>Final:<a href=\"http:\/\/coro.paroquiabaixadabanheira.org\/reportorio\/pentecostes\/espirito.de.amor.pdf\">\u00a0<\/a><a href=\"http:\/\/coro.paroquiabaixadabanheira.org\/reportorio\/quaresma\/caminharei.na.presenca.do.senhor.sl116.pdf\">Caminharei na Presen\u00e7a do Senhor<\/a><\/li>\n<\/ul>\n<p>Para trazer:<\/p>\n<ul>\n<li><a href=\"http:\/\/coro.paroquiabaixadabanheira.org\/reportorio\/cordeiro\/cordeiro.cartageno2.pdf\">Cordeiro\u00a02 Cartageno<\/a><\/li>\n<li><a href=\"http:\/\/coro.paroquiabaixadabanheira.org\/reportorio\/gloria\/gloria.a.deus.a.cartageno.pdf\">Gloria a Deus Cartageno<\/a><\/li>\n<\/ul>\n","protected":false},"excerpt":{"rendered":"<p>C\u00e2nticos para o Domingo XXX do Tempo Comum\u2013 Ano B\u00a0(Liturgia) Entrada: Alegre-se o cora\u00e7\u00e3o M. Penitencial: Senhor, Tende Piedade (Godespell) Salmo:\u00a0125 (126) \u201cO Senhor fez maravilhas em favor do seu povo.\u201d Aleluia: Aleluia (Carlos Silva)\u00a0&#8220;Jesus Cristo, nosso Salvador, destruiu a &hellip;<\/p>\n<p class=\"read-more\"> <a class=\"more-link\" href=\"https:\/\/coro.paroquiabaixadabanheira.org\/?p=1760\"> <span class=\"screen-reader-text\">Domingo XXX do Tempo Comum<\/span> Read More &raquo;<\/a><\/p>\n","protected":false},"author":3,"featured_media":0,"comment_status":"open","ping_status":"open","sticky":false,"template":"","format":"standard","meta":{"footnotes":""},"categories":[3],"tags":[],"class_list":["post-1760","post","type-post","status-publish","format-standard","hentry","category-ensaios"],"_links":{"self":[{"href":"https:\/\/coro.paroquiabaixadabanheira.org\/index.php?rest_route=\/wp\/v2\/posts\/1760","targetHints":{"allow":["GET"]}}],"collection":[{"href":"https:\/\/coro.paroquiabaixadabanheira.org\/index.php?rest_route=\/wp\/v2\/posts"}],"about":[{"href":"https:\/\/coro.paroquiabaixadabanheira.org\/index.php?rest_route=\/wp\/v2\/types\/post"}],"author":[{"embeddable":true,"href":"https:\/\/coro.paroquiabaixadabanheira.org\/index.php?rest_route=\/wp\/v2\/users\/3"}],"replies":[{"embeddable":true,"href":"https:\/\/coro.paroquiabaixadabanheira.org\/index.php?rest_route=%2Fwp%2Fv2%2Fcomments&post=1760"}],"version-history":[{"count":3,"href":"https:\/\/coro.paroquiabaixadabanheira.org\/index.php?rest_route=\/wp\/v2\/posts\/1760\/revisions"}],"predecessor-version":[{"id":2188,"href":"https:\/\/coro.paroquiabaixadabanheira.org\/index.php?rest_route=\/wp\/v2\/posts\/1760\/revisions\/2188"}],"wp:attachment":[{"href":"https:\/\/coro.paroquiabaixadabanheira.org\/index.php?rest_route=%2Fwp%2Fv2%2Fmedia&parent=1760"}],"wp:term":[{"taxonomy":"category","embeddable":true,"href":"https:\/\/coro.paroquiabaixadabanheira.org\/index.php?rest_route=%2Fwp%2Fv2%2Fcategories&post=1760"},{"taxonomy":"post_tag","embeddable":true,"href":"https:\/\/coro.paroquiabaixadabanheira.org\/index.php?rest_route=%2Fwp%2Fv2%2Ftags&post=1760"}],"curies":[{"name":"wp","href":"https:\/\/api.w.org\/{rel}","templated":true}]}}