{"id":1762,"date":"2015-10-22T00:39:56","date_gmt":"2015-10-22T00:39:56","guid":{"rendered":"http:\/\/coro.paroquiabaixadabanheira.org\/?p=1762"},"modified":"2015-10-25T16:36:08","modified_gmt":"2015-10-25T16:36:08","slug":"visita-da-imagem-peregrina-de-nossa-senhora-de-fatima","status":"publish","type":"post","link":"https:\/\/coro.paroquiabaixadabanheira.org\/?p=1762","title":{"rendered":"Visita da Imagem Peregrina de Nossa Senhora de F\u00e1tima"},"content":{"rendered":"<p><strong>C\u00e2nticos para a eucaristia e prociss\u00e3o <\/strong>(<a href=\"http:\/\/www.fatima.pt\/portal\/index.php?id=89297\">F\u00e1tima<\/a>)<\/p>\n<p>De maio de 2015 a maio de 2016, a Imagem Peregrina de Nossa Senhora passar\u00e1 por todas as dioceses de Portugal, numa grande peregrina\u00e7\u00e3o festiva, que pretende assinalar o Centen\u00e1rio das Apari\u00e7\u00f5es.<\/p>\n<p>No dia 5 de Novembro a nossa paroquia receber\u00e1 pelas 19h30 (Vale da Amoreira) a imagem de nossa Senhora de F\u00e1tima seguindo em prociss\u00e3o at\u00e9 a igreja e seguidamente ser\u00e1 celebrada a eucaristia em sua honra. Depois seguir\u00e1 em prociss\u00e3o at\u00e9 a igreja de Alhos Vedros.<\/p>\n<p>Os ensaios decorrer\u00e3o entre as 21h00 e as 23h nos seguintes dias: 24\/10 ; 27\/10; 01\/11; 02\/11; 04\/11<\/p>\n<ul>\n<li><a href=\"http:\/\/coro.paroquiabaixadabanheira.org\/reportorio\/maria\/bendizemos.o.teu.nome.pdf\">Bendizemos o Teu Nome<\/a><\/li>\n<li><a href=\"http:\/\/coro.paroquiabaixadabanheira.org\/reportorio\/maria\/senhora.nos.vos.cantamos.pdf\">Senhora, n\u00f3s vos cantamos<\/a><\/li>\n<li><a href=\"http:\/\/coro.paroquiabaixadabanheira.org\/reportorio\/maria\/mae.do.povo.pdf\">M\u00e3e do Povo<\/a><\/li>\n<li><a href=\"http:\/\/coro.paroquiabaixadabanheira.org\/reportorio\/maria\/sobre.os.bracos.da.azinheira.pdf\">Sobre os Bra\u00e7os da Azinheira<\/a><\/li>\n<li><a href=\"http:\/\/coro.paroquiabaixadabanheira.org\/reportorio\/maria\/maria.de.nazare.pdf\">Maria de Nazar\u00e9<\/a><\/li>\n<li><a href=\"http:\/\/coro.paroquiabaixadabanheira.org\/reportorio\/maria\/ave.maria.gratia.plena.pdf\">Gratia Plena<\/a><\/li>\n<li><a href=\"http:\/\/coro.paroquiabaixadabanheira.org\/reportorio\/maria\/miraculosa.pdf\">Miraculosa<\/a><\/li>\n<li><a href=\"http:\/\/coro.paroquiabaixadabanheira.org\/reportorio\/maria\/senhora.nos.vos.louvamos.pdf\">Senhora, N\u00f3s Vos Louvamos<\/a><\/li>\n<li><a href=\"http:\/\/coro.paroquiabaixadabanheira.org\/reportorio\/maria\/quero.ser.como.tu.pdf\">Quero Ser Como Tu<\/a><\/li>\n<li><a href=\"http:\/\/coro.paroquiabaixadabanheira.org\/reportorio\/maria\/a.treze.de.maio.pdf\">A treze de Maio<\/a><\/li>\n<li><a href=\"http:\/\/coro.paroquiabaixadabanheira.org\/reportorio\/maria\/tu.es.a.gloria.de.jerusalem.pdf\">Tu \u00e9s a gloria de Jerusal\u00e9m<\/a><\/li>\n<li><a href=\"http:\/\/coro.paroquiabaixadabanheira.org\/reportorio\/maria\/senhora.nossa.senhora.minha.pdf\">Senhora Nossa, Senhora Minha<\/a><\/li>\n<li><a href=\"http:\/\/coro.paroquiabaixadabanheira.org\/reportorio\/maria\/totus.tuus.pdf\">Totus Tuus<\/a><\/li>\n<li><a href=\"http:\/\/coro.paroquiabaixadabanheira.org\/reportorio\/maria\/o.virgem.do.rosario.pdf\">\u00d3 Virgem do Ros\u00e1rio<\/a><\/li>\n<li><a href=\"http:\/\/coro.paroquiabaixadabanheira.org\/reportorio\/maria\/a.virgem.cheia.de.graca.pdf\">\u00c0\u00a0Virgem cheia de gra\u00e7a<\/a><\/li>\n<li><a href=\"http:\/\/coro.paroquiabaixadabanheira.org\/reportorio\/maria\/ave.maria.pdf\">Av\u00e9 Maria<\/a><\/li>\n<li><a href=\"http:\/\/coro.paroquiabaixadabanheira.org\/reportorio\/maria\/ave.theotokos.pdf\">Ave Theotokos<\/a><\/li>\n<li><a href=\"http:\/\/coro.paroquiabaixadabanheira.org\/reportorio\/maria\/salve.estrela.do.mar.pdf\">Salve Estrela do Mar<\/a><\/li>\n<li><a href=\"http:\/\/coro.paroquiabaixadabanheira.org\/reportorio\/maria\/bendita.seja.virgem.maria.pdf\">Bendita Seja Virgem Maria<\/a><\/li>\n<li><a href=\"http:\/\/coro.paroquiabaixadabanheira.org\/reportorio\/maria\/vinde.virgem.ate.nos.pdf\">Vinde Virgem at\u00e9 N\u00f3s<\/a><\/li>\n<li><a href=\"http:\/\/coro.paroquiabaixadabanheira.org\/reportorio\/maria\/nossa.senhora.do.sim.pdf\">Nossa Senhora do Sim<\/a><\/li>\n<li><a href=\"http:\/\/coro.paroquiabaixadabanheira.org\/reportorio\/maria\/aleluia.imaculada.conceicao.pdf\">Aleluia Imaculada Concei\u00e7\u00e3o<\/a><\/li>\n<\/ul>\n","protected":false},"excerpt":{"rendered":"<p>C\u00e2nticos para a eucaristia e prociss\u00e3o (F\u00e1tima) De maio de 2015 a maio de 2016, a Imagem Peregrina de Nossa Senhora passar\u00e1 por todas as dioceses de Portugal, numa grande peregrina\u00e7\u00e3o festiva, que pretende assinalar o Centen\u00e1rio das Apari\u00e7\u00f5es. No &hellip;<\/p>\n<p class=\"read-more\"> <a class=\"more-link\" href=\"https:\/\/coro.paroquiabaixadabanheira.org\/?p=1762\"> <span class=\"screen-reader-text\">Visita da Imagem Peregrina de Nossa Senhora de F\u00e1tima<\/span> Read More &raquo;<\/a><\/p>\n","protected":false},"author":3,"featured_media":0,"comment_status":"open","ping_status":"open","sticky":false,"template":"","format":"standard","meta":{"footnotes":""},"categories":[3],"tags":[],"class_list":["post-1762","post","type-post","status-publish","format-standard","hentry","category-ensaios"],"_links":{"self":[{"href":"https:\/\/coro.paroquiabaixadabanheira.org\/index.php?rest_route=\/wp\/v2\/posts\/1762","targetHints":{"allow":["GET"]}}],"collection":[{"href":"https:\/\/coro.paroquiabaixadabanheira.org\/index.php?rest_route=\/wp\/v2\/posts"}],"about":[{"href":"https:\/\/coro.paroquiabaixadabanheira.org\/index.php?rest_route=\/wp\/v2\/types\/post"}],"author":[{"embeddable":true,"href":"https:\/\/coro.paroquiabaixadabanheira.org\/index.php?rest_route=\/wp\/v2\/users\/3"}],"replies":[{"embeddable":true,"href":"https:\/\/coro.paroquiabaixadabanheira.org\/index.php?rest_route=%2Fwp%2Fv2%2Fcomments&post=1762"}],"version-history":[{"count":5,"href":"https:\/\/coro.paroquiabaixadabanheira.org\/index.php?rest_route=\/wp\/v2\/posts\/1762\/revisions"}],"predecessor-version":[{"id":1769,"href":"https:\/\/coro.paroquiabaixadabanheira.org\/index.php?rest_route=\/wp\/v2\/posts\/1762\/revisions\/1769"}],"wp:attachment":[{"href":"https:\/\/coro.paroquiabaixadabanheira.org\/index.php?rest_route=%2Fwp%2Fv2%2Fmedia&parent=1762"}],"wp:term":[{"taxonomy":"category","embeddable":true,"href":"https:\/\/coro.paroquiabaixadabanheira.org\/index.php?rest_route=%2Fwp%2Fv2%2Fcategories&post=1762"},{"taxonomy":"post_tag","embeddable":true,"href":"https:\/\/coro.paroquiabaixadabanheira.org\/index.php?rest_route=%2Fwp%2Fv2%2Ftags&post=1762"}],"curies":[{"name":"wp","href":"https:\/\/api.w.org\/{rel}","templated":true}]}}