{"id":1770,"date":"2015-10-27T01:00:17","date_gmt":"2015-10-27T01:00:17","guid":{"rendered":"http:\/\/coro.paroquiabaixadabanheira.org\/?p=1770"},"modified":"2015-10-27T01:05:51","modified_gmt":"2015-10-27T01:05:51","slug":"solenidade-de-todos-os-santos","status":"publish","type":"post","link":"https:\/\/coro.paroquiabaixadabanheira.org\/?p=1770","title":{"rendered":"Solenidade de Todos os Santos"},"content":{"rendered":"<p><strong>C\u00e2nticos para\u00a0a Solenidade de Todos os Santos \u2013 Ano B<\/strong>\u00a0(<a href=\"http:\/\/www.portal.ecclesia.pt\/ecclesiaout\/liturgia\/liturgia_site\/santos\/santos_ver.asp?cod_santo=185\">Liturgia<\/a>)<\/p>\n<ul>\n<li>Entrada: <a href=\"http:\/\/coro.paroquiabaixadabanheira.org\/reportorio\/entrada\/exultemos.de.alegria.pdf\">Exultemos de Alegria<\/a><\/li>\n<li>M. Penitencial: <a href=\"http:\/\/coro.paroquiabaixadabanheira.org\/reportorio\/penitencial\/senhor.tende.piedade.pdf\">Senhor, Tende Piedade (Godespell)<\/a><\/li>\n<li>Gl\u00f3ria:\u00a0<a href=\"http:\/\/coro.paroquiabaixadabanheira.org\/reportorio\/gloria\/gloria.2.vozes.pdf\">Gloria 2 Vozes<\/a><\/li>\n<li>Salmo:\u00a023 (24) \u201cEsta \u00e9 a gera\u00e7\u00e3o dos que procuram o Senhor.\u201d<\/li>\n<li>Aleluia: <a href=\"http:\/\/coro.paroquiabaixadabanheira.org\/reportorio\/aclama\/aleluia.carlos.silva.pdf\">Aleluia (Carlos Silva)<\/a>\u00a0<strong>\u201cVinde a Mim, v\u00f3s todos os que andais cansados<br \/>\ne oprimidos;\u00a0<\/strong><strong>e Eu vos aliviarei, diz o Senhor\u201d<\/strong><\/li>\n<li>Apresenta\u00e7\u00e3o dos Dons: <a href=\"http:\/\/coro.paroquiabaixadabanheira.org\/reportorio\/ofertorio\/minha.vida.tem.sentido.pdf\">Minha vida tem sentido<\/a><\/li>\n<li>Santo: <a href=\"http:\/\/coro.paroquiabaixadabanheira.org\/reportorio\/santo\/santo.leonel.claro.pdf\">Santo (L. Claro)<\/a><\/li>\n<li>Cordeiro: <a href=\"http:\/\/coro.paroquiabaixadabanheira.org\/reportorio\/cordeiro\/cordeiro.cartageno.pdf\">Cordeiro (A. Cartageno)<\/a><\/li>\n<li>Comunh\u00e3o: <a href=\"http:\/\/coro.paroquiabaixadabanheira.org\/reportorio\/comunhao\/louvado.seja.deus.miguel.carneiro.pdf\">Louvado\u00a0seja Deus\u00a0(Todos os Santos)<\/a><\/li>\n<li>Final:<a href=\"http:\/\/coro.paroquiabaixadabanheira.org\/reportorio\/pentecostes\/espirito.de.amor.pdf\">\u00a0<\/a><a href=\"http:\/\/coro.paroquiabaixadabanheira.org\/reportorio\/diversos\/o.senhor.e.meu.pastor.pdf\">O Senhor \u00e9 Meu Pastor<\/a><\/li>\n<\/ul>\n<p>Para trazer:<\/p>\n<ul>\n<li><a href=\"http:\/\/coro.paroquiabaixadabanheira.org\/reportorio\/gracas\/o.reino.de.deus.pdf\">O Reino de Deus<\/a><\/li>\n<li><a href=\"http:\/\/coro.paroquiabaixadabanheira.org\/reportorio\/cordeiro\/cordeiro.cartageno2.pdf\">Cordeiro\u00a02 Cartageno<\/a><\/li>\n<li><a href=\"http:\/\/coro.paroquiabaixadabanheira.org\/reportorio\/gloria\/gloria.a.deus.a.cartageno.pdf\">Gloria a Deus Cartageno<\/a><\/li>\n<\/ul>\n","protected":false},"excerpt":{"rendered":"<p>C\u00e2nticos para\u00a0a Solenidade de Todos os Santos \u2013 Ano B\u00a0(Liturgia) Entrada: Exultemos de Alegria M. Penitencial: Senhor, Tende Piedade (Godespell) Gl\u00f3ria:\u00a0Gloria 2 Vozes Salmo:\u00a023 (24) \u201cEsta \u00e9 a gera\u00e7\u00e3o dos que procuram o Senhor.\u201d Aleluia: Aleluia (Carlos Silva)\u00a0\u201cVinde a Mim, &hellip;<\/p>\n<p class=\"read-more\"> <a class=\"more-link\" href=\"https:\/\/coro.paroquiabaixadabanheira.org\/?p=1770\"> <span class=\"screen-reader-text\">Solenidade de Todos os Santos<\/span> Read More &raquo;<\/a><\/p>\n","protected":false},"author":3,"featured_media":0,"comment_status":"open","ping_status":"open","sticky":false,"template":"","format":"standard","meta":{"footnotes":""},"categories":[3],"tags":[],"class_list":["post-1770","post","type-post","status-publish","format-standard","hentry","category-ensaios"],"_links":{"self":[{"href":"https:\/\/coro.paroquiabaixadabanheira.org\/index.php?rest_route=\/wp\/v2\/posts\/1770","targetHints":{"allow":["GET"]}}],"collection":[{"href":"https:\/\/coro.paroquiabaixadabanheira.org\/index.php?rest_route=\/wp\/v2\/posts"}],"about":[{"href":"https:\/\/coro.paroquiabaixadabanheira.org\/index.php?rest_route=\/wp\/v2\/types\/post"}],"author":[{"embeddable":true,"href":"https:\/\/coro.paroquiabaixadabanheira.org\/index.php?rest_route=\/wp\/v2\/users\/3"}],"replies":[{"embeddable":true,"href":"https:\/\/coro.paroquiabaixadabanheira.org\/index.php?rest_route=%2Fwp%2Fv2%2Fcomments&post=1770"}],"version-history":[{"count":1,"href":"https:\/\/coro.paroquiabaixadabanheira.org\/index.php?rest_route=\/wp\/v2\/posts\/1770\/revisions"}],"predecessor-version":[{"id":1771,"href":"https:\/\/coro.paroquiabaixadabanheira.org\/index.php?rest_route=\/wp\/v2\/posts\/1770\/revisions\/1771"}],"wp:attachment":[{"href":"https:\/\/coro.paroquiabaixadabanheira.org\/index.php?rest_route=%2Fwp%2Fv2%2Fmedia&parent=1770"}],"wp:term":[{"taxonomy":"category","embeddable":true,"href":"https:\/\/coro.paroquiabaixadabanheira.org\/index.php?rest_route=%2Fwp%2Fv2%2Fcategories&post=1770"},{"taxonomy":"post_tag","embeddable":true,"href":"https:\/\/coro.paroquiabaixadabanheira.org\/index.php?rest_route=%2Fwp%2Fv2%2Ftags&post=1770"}],"curies":[{"name":"wp","href":"https:\/\/api.w.org\/{rel}","templated":true}]}}