{"id":1809,"date":"2015-12-03T00:38:16","date_gmt":"2015-12-03T00:38:16","guid":{"rendered":"http:\/\/coro.paroquiabaixadabanheira.org\/?p=1809"},"modified":"2015-12-03T00:39:13","modified_gmt":"2015-12-03T00:39:13","slug":"solenidade-imaculada-conceicao-da-virgem-santa-maria","status":"publish","type":"post","link":"https:\/\/coro.paroquiabaixadabanheira.org\/?p=1809","title":{"rendered":"Solenidade Imaculada Concei\u00e7\u00e3o da Virgem Santa Maria"},"content":{"rendered":"<p><strong>C\u00e2nticos para a Solenidade da Imaculada Concei\u00e7\u00e3o \u2013 Ano\u00a0C<\/strong><strong>\u00a0<\/strong>(<a href=\"http:\/\/www.portal.ecclesia.pt\/ecclesiaout\/liturgia\/liturgia_site\/santos\/santos_ver.asp?cod_santo=210\">Liturgia<\/a>)<\/p>\n<ul>\n<li>Entrada: <a href=\"http:\/\/coro.paroquiabaixadabanheira.org\/reportorio\/maria\/o.senhor.fez.em.mim.maravilhas.pdf\">O Senhor fez em mim maravilhas<\/a><\/li>\n<li>M. Penitencial: <a href=\"http:\/\/coro.paroquiabaixadabanheira.org\/reportorio\/penitencial\/senhor.tem.piedade.de.nos.pdf\">Senhor Tem Piedade de N\u00f3s<\/a><\/li>\n<li>Salmo 97(98) \u201cCantai um c\u00e2ntico novo: o Senhor fez maravilhas.<strong>\u201d<\/strong><\/li>\n<li>Aleluia: <a href=\"http:\/\/coro.paroquiabaixadabanheira.org\/reportorio\/maria\/aleluia.imaculada.conceicao.pdf\">Aleluia Imaculada Concei\u00e7\u00e3o<\/a><\/li>\n<li>B\u00ean\u00e7\u00e3o das Gr\u00e1vidas: <a href=\"http:\/\/coro.paroquiabaixadabanheira.org\/reportorio\/maria\/nossa.senhora.do.sim.pdf\">Nossa Senhora do Sim<\/a><\/li>\n<li>Ofert\u00f3rio: <a href=\"http:\/\/coro.paroquiabaixadabanheira.org\/reportorio\/maria\/bendita.seja.virgem.maria.pdf\">Bendita Seja Virgem Maria<\/a><\/li>\n<li>Santo: <a href=\"http:\/\/coro.paroquiabaixadabanheira.org\/reportorio\/santo\/santo.f.silva.pdf\">Santo (F. Silva)<\/a><\/li>\n<li>Paz\/Cordeiro: <a href=\"http:\/\/coro.paroquiabaixadabanheira.org\/reportorio\/cordeiro\/cordeiro.olindo.marques.pdf\">Cordeiro\u00a0(Olindo Marques)<\/a><\/li>\n<li>Comunh\u00e3o: <a href=\"http:\/\/coro.paroquiabaixadabanheira.org\/reportorio\/advento\/e.celebrada.a.vossa.gloria.pdf\">\u00c9 celebrada a vossa gl\u00f3ria<\/a><\/li>\n<li>Ac\u00e7\u00e3o de Gra\u00e7as: <a href=\"http:\/\/coro.paroquiabaixadabanheira.org\/reportorio\/maria\/queres.tu.maria.pdf\">Queres Tu Maria<\/a>\u00a0ou <a href=\"http:\/\/coro.paroquiabaixadabanheira.org\/reportorio\/maria\/nossa.senhora.do.sim.pdf\">Nossa Senhora do Sim<\/a><\/li>\n<li>Final: <a href=\"http:\/\/coro.paroquiabaixadabanheira.org\/reportorio\/maria\/tu.es.a.gloria.de.jerusalem.pdf\">Tu \u00e9s a gloria de Jerusal\u00e9m<\/a><\/li>\n<\/ul>\n","protected":false},"excerpt":{"rendered":"<p>C\u00e2nticos para a Solenidade da Imaculada Concei\u00e7\u00e3o \u2013 Ano\u00a0C\u00a0(Liturgia) Entrada: O Senhor fez em mim maravilhas M. Penitencial: Senhor Tem Piedade de N\u00f3s Salmo 97(98) \u201cCantai um c\u00e2ntico novo: o Senhor fez maravilhas.\u201d Aleluia: Aleluia Imaculada Concei\u00e7\u00e3o B\u00ean\u00e7\u00e3o das Gr\u00e1vidas: &hellip;<\/p>\n<p class=\"read-more\"> <a class=\"more-link\" href=\"https:\/\/coro.paroquiabaixadabanheira.org\/?p=1809\"> <span class=\"screen-reader-text\">Solenidade Imaculada Concei\u00e7\u00e3o da Virgem Santa Maria<\/span> Read More &raquo;<\/a><\/p>\n","protected":false},"author":3,"featured_media":0,"comment_status":"open","ping_status":"open","sticky":false,"template":"","format":"standard","meta":{"footnotes":""},"categories":[3],"tags":[],"class_list":["post-1809","post","type-post","status-publish","format-standard","hentry","category-ensaios"],"_links":{"self":[{"href":"https:\/\/coro.paroquiabaixadabanheira.org\/index.php?rest_route=\/wp\/v2\/posts\/1809","targetHints":{"allow":["GET"]}}],"collection":[{"href":"https:\/\/coro.paroquiabaixadabanheira.org\/index.php?rest_route=\/wp\/v2\/posts"}],"about":[{"href":"https:\/\/coro.paroquiabaixadabanheira.org\/index.php?rest_route=\/wp\/v2\/types\/post"}],"author":[{"embeddable":true,"href":"https:\/\/coro.paroquiabaixadabanheira.org\/index.php?rest_route=\/wp\/v2\/users\/3"}],"replies":[{"embeddable":true,"href":"https:\/\/coro.paroquiabaixadabanheira.org\/index.php?rest_route=%2Fwp%2Fv2%2Fcomments&post=1809"}],"version-history":[{"count":4,"href":"https:\/\/coro.paroquiabaixadabanheira.org\/index.php?rest_route=\/wp\/v2\/posts\/1809\/revisions"}],"predecessor-version":[{"id":1816,"href":"https:\/\/coro.paroquiabaixadabanheira.org\/index.php?rest_route=\/wp\/v2\/posts\/1809\/revisions\/1816"}],"wp:attachment":[{"href":"https:\/\/coro.paroquiabaixadabanheira.org\/index.php?rest_route=%2Fwp%2Fv2%2Fmedia&parent=1809"}],"wp:term":[{"taxonomy":"category","embeddable":true,"href":"https:\/\/coro.paroquiabaixadabanheira.org\/index.php?rest_route=%2Fwp%2Fv2%2Fcategories&post=1809"},{"taxonomy":"post_tag","embeddable":true,"href":"https:\/\/coro.paroquiabaixadabanheira.org\/index.php?rest_route=%2Fwp%2Fv2%2Ftags&post=1809"}],"curies":[{"name":"wp","href":"https:\/\/api.w.org\/{rel}","templated":true}]}}